{"id":140415,"date":"2019-05-18T07:53:57","date_gmt":"2019-05-18T10:53:57","guid":{"rendered":"https:\/\/diarioregionaldigital.com.br\/?p=140415"},"modified":"2019-05-18T07:53:57","modified_gmt":"2019-05-18T10:53:57","slug":"guedes-preve-enxurrada-de-noticias-boas-apos-reforma-da-previdencia","status":"publish","type":"post","link":"https:\/\/diarioregionaldigital.com.br\/?p=140415","title":{"rendered":"Guedes prev\u00ea enxurrada de &#8220;not\u00edcias boas&#8221; ap\u00f3s reforma da Previd\u00eancia"},"content":{"rendered":"<p>O ministro da Economia, Paulo Guedes, previu que haver\u00e1 uma &#8220;enxurrada de not\u00edcias boas&#8221; no segundo semestre, ap\u00f3s a aprova\u00e7\u00e3o da reforma da Previd\u00eancia. Ele tamb\u00e9m classificou de barulho as not\u00edcias sobre o mau resultado do Produto Interno Bruto (PIB) este ano, garantindo que as expectativas v\u00e3o se reverter rapidamente ap\u00f3s a aprova\u00e7\u00e3o da reforma. Guedes participou nessa sexta-feira (17)\u00a0do 91\u00ba Encontro Nacional da Ind\u00fastria da Constru\u00e7\u00e3o (Enic) e, entre outros acenos para o setor, disse que o governo far\u00e1 um choque da energia barata, entre 30 a 60 dias, para ajudar a economia.<\/p>\n<p>&#8220;O choque da energia barata, se cortar o g\u00e1s pela metade do pre\u00e7o, permite a reindustrializa\u00e7\u00e3o do Brasil.\u00a0Hoje\u00a0o g\u00e1s \u00e9 queimado, quando se retira o petr\u00f3leo. S\u00f3 a Vale est\u00e1 dizendo que vai investir US$ 20 bilh\u00f5es nos pr\u00f3ximos 10 anos, para fazer os gasodutos. Tem muita coisa positiva vindo por a\u00ed. N\u00f3s estamos tentando manter o foco. A bola est\u00e1 na marca do p\u00eanalti. Chutou a bola para dentro, vai come\u00e7ar uma enxurrada de not\u00edcias boas, que n\u00f3s estamos preparando para o segundo semestre\u201d, disse o ministro, que foi\u00a0aplaudido pelo p\u00fablico do encontro, formado principalmente por representantes da ind\u00fastria da constru\u00e7\u00e3o.<\/p>\n<p>Guedes, que subiu ao palco do evento com o presidente da C\u00e2mara dos Deputados,\u00a0Rodrigo Maia (DEM-RJ), elogiou a participa\u00e7\u00e3o do Congresso na condu\u00e7\u00e3o da reforma da Previd\u00eancia, considerada por ele como \u201ca m\u00e3e das reformas\u201d.<\/p>\n<p>\u201cN\u00f3s estamos muito confiantes na lideran\u00e7a dele [Rodrigo Maia] na C\u00e2mara dos Deputados, no apoio pol\u00edtico que estamos recebendo l\u00e1. Rodrigo tem sido muito construtivo como presidente da C\u00e2mara. O [senador e presidente do Senado] Davi\u00a0Alcolumbre [DEM-AP]\u00a0tamb\u00e9m nos tem dado todo apoio. Se fizermos uma reforma de R$ 1 trilh\u00e3o, n\u00f3s temos pot\u00eancia fiscal para lan\u00e7armos um sistema de capitaliza\u00e7\u00e3o logo depois. E este sistema de capitaliza\u00e7\u00e3o bota o Brasil para crescer. A reforma da Previd\u00eancia clareia os horizontes para investimentos privados, internos e externos. Na hora em que aprovar, os recursos come\u00e7am a vir\u201d, disse Guedes.<\/p>\n<h2>Um outro pa\u00eds<\/h2>\n<p>Guedes afirmou que a reforma ser\u00e1 aprovada nos pr\u00f3ximos meses e no segundo semestre j\u00e1 ser\u00e1 poss\u00edvel perceber um \u201coutro pa\u00eds\u201d. Para o ministro, os resultados de crescimento do PIB abaixo do esperado na economia n\u00e3o s\u00e3o preocupantes, pois apenas indicam que houve um excesso de otimismo do mercado.<\/p>\n<p>\u201cO Brasil vai retomar o crescimento. Esta revis\u00e3o [do crescimento do PIB] que est\u00e1 sendo feita para baixo agora n\u00e3o est\u00e1 me preocupando. Mercado financeiro \u00e9 meio excitado mesmo. Isso \u00e9 coisa menor. \u00c9 som de batalha. \u00c9 tiro para c\u00e1, tiro para l\u00e1, mas o que interessa \u00e9 a marcha principal do evento. Os Poderes est\u00e3o alinhados, o Congresso e o Executivo falando a mesma l\u00edngua, do ponto de vista econ\u00f4mico. Aqui \u00e9 uma barulheira na superf\u00edcie, mas no mais profundo \u00e9 um processo saud\u00e1vel, construtivo. \u00c9 a din\u00e2mica de uma sociedade aberta. Estou super confiante no Brasil\u201d, disse o ministro.<\/p>\n<p>Fonte: Ag\u00eancia Brasil<\/p>\n","protected":false},"excerpt":{"rendered":"<p>O ministro da Economia, Paulo Guedes, previu que haver\u00e1 uma &#8220;enxurrada de not\u00edcias boas&#8221; no segundo semestre, ap\u00f3s a aprova\u00e7\u00e3o da reforma da Previd\u00eancia. Ele tamb\u00e9m classificou de barulho as not\u00edcias sobre o mau resultado do Produto Interno Bruto (PIB) este ano, garantindo que as expectativas v\u00e3o se reverter rapidamente ap\u00f3s a aprova\u00e7\u00e3o da reforma. [&hellip;]<\/p>\n","protected":false},"author":96,"featured_media":140417,"comment_status":"closed","ping_status":"closed","sticky":false,"template":"","format":"standard","meta":{"footnotes":""},"categories":[436,261,439],"tags":[],"class_list":["post-140415","post","type-post","status-publish","format-standard","has-post-thumbnail","hentry","category-destaque-da-semana","category-economia","category-ultima-hora"],"_links":{"self":[{"href":"https:\/\/diarioregionaldigital.com.br\/index.php?rest_route=\/wp\/v2\/posts\/140415","targetHints":{"allow":["GET"]}}],"collection":[{"href":"https:\/\/diarioregionaldigital.com.br\/index.php?rest_route=\/wp\/v2\/posts"}],"about":[{"href":"https:\/\/diarioregionaldigital.com.br\/index.php?rest_route=\/wp\/v2\/types\/post"}],"author":[{"embeddable":true,"href":"https:\/\/diarioregionaldigital.com.br\/index.php?rest_route=\/wp\/v2\/users\/96"}],"replies":[{"embeddable":true,"href":"https:\/\/diarioregionaldigital.com.br\/index.php?rest_route=%2Fwp%2Fv2%2Fcomments&post=140415"}],"version-history":[{"count":0,"href":"https:\/\/diarioregionaldigital.com.br\/index.php?rest_route=\/wp\/v2\/posts\/140415\/revisions"}],"wp:featuredmedia":[{"embeddable":true,"href":"https:\/\/diarioregionaldigital.com.br\/index.php?rest_route=\/wp\/v2\/media\/140417"}],"wp:attachment":[{"href":"https:\/\/diarioregionaldigital.com.br\/index.php?rest_route=%2Fwp%2Fv2%2Fmedia&parent=140415"}],"wp:term":[{"taxonomy":"category","embeddable":true,"href":"https:\/\/diarioregionaldigital.com.br\/index.php?rest_route=%2Fwp%2Fv2%2Fcategories&post=140415"},{"taxonomy":"post_tag","embeddable":true,"href":"https:\/\/diarioregionaldigital.com.br\/index.php?rest_route=%2Fwp%2Fv2%2Ftags&post=140415"}],"curies":[{"name":"wp","href":"https:\/\/api.w.org\/{rel}","templated":true}]}}