{"id":140411,"date":"2019-05-18T07:49:03","date_gmt":"2019-05-18T10:49:03","guid":{"rendered":"https:\/\/diarioregionaldigital.com.br\/?p=140411"},"modified":"2019-05-18T07:49:03","modified_gmt":"2019-05-18T10:49:03","slug":"bolsonaro-sanciona-projeto-que-anistia-partidos-politicos","status":"publish","type":"post","link":"https:\/\/diarioregionaldigital.com.br\/?p=140411","title":{"rendered":"Bolsonaro sanciona projeto que anistia partidos pol\u00edticos"},"content":{"rendered":"<p>No \u00faltimo dia de prazo, o presidente Jair Bolsonaro sancionou nessa sexta-feira (17) o projeto de lei que altera regras de funcionamento dos partidos pol\u00edticos. Entre as mudan\u00e7as estabelecidas, est\u00e1 a que d\u00e1 autonomia \u00e0s legendas partid\u00e1rias para definir o prazo de dura\u00e7\u00e3o dos mandatos dos membros dos seus \u00f3rg\u00e3os \u206finternos permanentes ou provis\u00f3rios.<\/p>\n<p>A lei tamb\u00e9m concede anistia aos partidos pelas penalidades por descumprimento do investimento m\u00ednimo de 5% recursos do Fundo Partid\u00e1rio na promo\u00e7\u00e3o da participa\u00e7\u00e3o feminina na pol\u00edtica, que incluem gastos com eventos e propagandas que estimulem e igualdade de g\u00eanero na pol\u00edtica. As legendas ficam livres de multa caso tenham financiado, pelo menos, candidaturas femininas nas elei\u00e7\u00f5es do ano passado.<\/p>\n<p>O texto tamb\u00e9m traz outras mudan\u00e7as nas regras de organiza\u00e7\u00e3o partid\u00e1ria, como a desobriga\u00e7\u00e3o de diret\u00f3rios municipais de prestar contas \u00e0 Justi\u00e7a Eleitoral caso eles n\u00e3o tenham registrado movimenta\u00e7\u00e3o financeira durante o respectivo exerc\u00edcio. O projeto de lei\u00a0foi aprovado\u00a0pelo Congresso Nacional no dia 24 de abril.<\/p>\n<h2>Veto<\/h2>\n<p>O \u00fanico veto presidencial ao projeto que veio do Congresso trata de um trecho que dava anistia em caso de doa\u00e7\u00f5es de servidores p\u00fablicos que ocupam cargos comissionados. O trecho vetado previa anisita das devolu\u00e7\u00f5es, cobran\u00e7as ou as transfer\u00eancias ao Tesouro Nacional &#8220;que tenham como causa as doa\u00e7\u00f5es ou contribui\u00e7\u00f5es feitas em anos anteriores por servidores p\u00fablicos que exer\u00e7am fun\u00e7\u00e3o ou cargo p\u00fablico de livre nomea\u00e7\u00e3o e exonera\u00e7\u00e3o, desde que filiados a partido pol\u00edtico&#8221;.<\/p>\n<p>Para vetar o trecho, o governo argumentou limita\u00e7\u00e3o fiscal. &#8220;A anistia (&#8230;) \u00e9 inoportuna no atual quadro fiscal em virtude da ren\u00fancia de receita dela decorrente&#8221;, diz o trecho da Mensagem Presidencial que justifica a decis\u00e3o.<\/p>\n<p>Fonte: Ag\u00eancia Brasil<\/p>\n","protected":false},"excerpt":{"rendered":"<p>No \u00faltimo dia de prazo, o presidente Jair Bolsonaro sancionou nessa sexta-feira (17) o projeto de lei que altera regras de funcionamento dos partidos pol\u00edticos. Entre as mudan\u00e7as estabelecidas, est\u00e1 a que d\u00e1 autonomia \u00e0s legendas partid\u00e1rias para definir o prazo de dura\u00e7\u00e3o dos mandatos dos membros dos seus \u00f3rg\u00e3os \u206finternos permanentes ou provis\u00f3rios. A [&hellip;]<\/p>\n","protected":false},"author":96,"featured_media":139983,"comment_status":"closed","ping_status":"closed","sticky":false,"template":"","format":"standard","meta":{"footnotes":""},"categories":[436,254,439],"tags":[],"class_list":["post-140411","post","type-post","status-publish","format-standard","has-post-thumbnail","hentry","category-destaque-da-semana","category-politica","category-ultima-hora"],"_links":{"self":[{"href":"https:\/\/diarioregionaldigital.com.br\/index.php?rest_route=\/wp\/v2\/posts\/140411","targetHints":{"allow":["GET"]}}],"collection":[{"href":"https:\/\/diarioregionaldigital.com.br\/index.php?rest_route=\/wp\/v2\/posts"}],"about":[{"href":"https:\/\/diarioregionaldigital.com.br\/index.php?rest_route=\/wp\/v2\/types\/post"}],"author":[{"embeddable":true,"href":"https:\/\/diarioregionaldigital.com.br\/index.php?rest_route=\/wp\/v2\/users\/96"}],"replies":[{"embeddable":true,"href":"https:\/\/diarioregionaldigital.com.br\/index.php?rest_route=%2Fwp%2Fv2%2Fcomments&post=140411"}],"version-history":[{"count":0,"href":"https:\/\/diarioregionaldigital.com.br\/index.php?rest_route=\/wp\/v2\/posts\/140411\/revisions"}],"wp:featuredmedia":[{"embeddable":true,"href":"https:\/\/diarioregionaldigital.com.br\/index.php?rest_route=\/wp\/v2\/media\/139983"}],"wp:attachment":[{"href":"https:\/\/diarioregionaldigital.com.br\/index.php?rest_route=%2Fwp%2Fv2%2Fmedia&parent=140411"}],"wp:term":[{"taxonomy":"category","embeddable":true,"href":"https:\/\/diarioregionaldigital.com.br\/index.php?rest_route=%2Fwp%2Fv2%2Fcategories&post=140411"},{"taxonomy":"post_tag","embeddable":true,"href":"https:\/\/diarioregionaldigital.com.br\/index.php?rest_route=%2Fwp%2Fv2%2Ftags&post=140411"}],"curies":[{"name":"wp","href":"https:\/\/api.w.org\/{rel}","templated":true}]}}