{"id":140397,"date":"2019-05-18T07:28:03","date_gmt":"2019-05-18T10:28:03","guid":{"rendered":"https:\/\/diarioregionaldigital.com.br\/?p=140397"},"modified":"2019-05-18T07:28:03","modified_gmt":"2019-05-18T10:28:03","slug":"dirceu-se-apresenta-a-pf-em-curitiba-para-cumprir-pena-na-lava-jato","status":"publish","type":"post","link":"https:\/\/diarioregionaldigital.com.br\/?p=140397","title":{"rendered":"Dirceu se apresenta \u00e0 PF em Curitiba para cumprir pena na Lava Jato"},"content":{"rendered":"<p>O ex-ministro Jos\u00e9 Dirceu se apresentou na noite dessa sexta-feira, 17, na Superintend\u00eancia\u00a0da Pol\u00edcia Federal em Curitiba para come\u00e7ar a cumprir a\u00a0pena de oito anos e dez meses de pris\u00e3o pelos crimes de corrup\u00e7\u00e3o e lavagem de dinheiro. Esta \u00e9 a segunda condena\u00e7\u00e3o de Dirceu\u00a0no \u00e2mbito da Opera\u00e7\u00e3o Lava Jato.<\/p>\n<p>A pris\u00e3o\u00a0foi determinada na quinta-feira, 16, pelo\u00a0juiz Luiz Antonio Bonat, titular da 13\u00aa Vara Federal em Curitiba. A decis\u00e3o foi tomada ap\u00f3s o\u00a0Tribunal Regional Federal da 4\u00aa Regi\u00e3o (TRF4), sediado em Porto Alegre, negar recurso da defesa de Dirceu e\u00a0<span id=\"OBJ_PREFIX_DWT3092_com_zimbra_url\" role=\"link\"><span id=\"OBJ_PREFIX_DWT3102_com_zimbra_url\" role=\"link\">determinar o cumprimento<\/span><\/span>\u00a0da pena com base no entendimento do Supremo Tribunal Federal (STF) que autoriza pris\u00e3o ao fim dos recursos em\u00a0<span id=\"OBJ_PREFIX_DWT4000_com_zimbra_date\"><span id=\"OBJ_PREFIX_DWT3093_com_zimbra_date\" role=\"link\"><span id=\"OBJ_PREFIX_DWT3103_com_zimbra_date\" role=\"link\">segunda<\/span><\/span><\/span>\u00a0inst\u00e2ncia.<\/p>\n<p>Conforme a decis\u00e3o de Bonat, o ex-ministro deveria\u00a0<span id=\"OBJ_PREFIX_DWT3104_com_zimbra_date\" role=\"link\">ter<\/span>\u00a0se apresentado \u00e0 PF at\u00e9 as 16h, mas ele n\u00e3o chegou no hor\u00e1rio determinado. Segundo a defesa, Dirceu saiu de Bras\u00edlia durante a madrugada de\u00a0<span id=\"OBJ_PREFIX_DWT3094_com_zimbra_date\" role=\"link\"><span id=\"OBJ_PREFIX_DWT3105_com_zimbra_date\" role=\"link\">hoje<\/span><\/span>, fez o trajeto at\u00e9 Curitiba de carro, mas, devido ao mau tempo na estrada, n\u00e3o conseguiu chegar no hor\u00e1rio determinado pelo magistrado.<\/p>\n<p>A primeira condena\u00e7\u00e3o de Dirceu na Lava Jato foi proferida\u00a0pelo ent\u00e3o juiz federal Sergio Moro, em mar\u00e7o de 2017, quando o ex-ministro foi considerado culpado por\u00a0<span id=\"OBJ_PREFIX_DWT4002_com_zimbra_date\"><span id=\"OBJ_PREFIX_DWT3096_com_zimbra_date\" role=\"link\"><span id=\"OBJ_PREFIX_DWT3107_com_zimbra_date\" role=\"link\">ter<\/span><\/span><\/span>\u00a0recebido R$ 2,1 milh\u00f5es em propina proveniente de contratos na Petrobras, entre 2009 e 2012.<\/p>\n<p>Segundo a den\u00fancia do Minist\u00e9rio P\u00fablico Federal (MPF), parte desse valor foi recebida por meio de 118 voos em t\u00e1xis-a\u00e9reos. A pena inicial estipulada foi de 11 anos e tr\u00eas meses de reclus\u00e3o.\u00a0A condena\u00e7\u00e3o foi confirmada pela Oitava Turma do TRF4 em setembro do ano passado. A pena, por\u00e9m,\u00a0<span id=\"OBJ_PREFIX_DWT3097_com_zimbra_url\" role=\"link\"><span id=\"OBJ_PREFIX_DWT3108_com_zimbra_url\" role=\"link\">foi abrandada<\/span><\/span>, sendo reduzida para oito anos e dez meses.<\/p>\n<p>Em seguida, a defesa do ex-ministro apresentou diversos recursos em forma de embargos, prolongando o desfecho do caso na\u00a0<span id=\"OBJ_PREFIX_DWT3098_com_zimbra_date\" role=\"link\"><span id=\"OBJ_PREFIX_DWT3109_com_zimbra_date\" role=\"link\">segunda<\/span><\/span>\u00a0inst\u00e2ncia.<\/p>\n<p>Fonte: Ag\u00eancia Brasil<\/p>\n","protected":false},"excerpt":{"rendered":"<p>O ex-ministro Jos\u00e9 Dirceu se apresentou na noite dessa sexta-feira, 17, na Superintend\u00eancia\u00a0da Pol\u00edcia Federal em Curitiba para come\u00e7ar a cumprir a\u00a0pena de oito anos e dez meses de pris\u00e3o pelos crimes de corrup\u00e7\u00e3o e lavagem de dinheiro. Esta \u00e9 a segunda condena\u00e7\u00e3o de Dirceu\u00a0no \u00e2mbito da Opera\u00e7\u00e3o Lava Jato. A pris\u00e3o\u00a0foi determinada na quinta-feira, [&hellip;]<\/p>\n","protected":false},"author":96,"featured_media":140398,"comment_status":"closed","ping_status":"closed","sticky":false,"template":"","format":"standard","meta":{"footnotes":""},"categories":[302,436,440,439],"tags":[],"class_list":["post-140397","post","type-post","status-publish","format-standard","has-post-thumbnail","hentry","category-brasil-mundo","category-destaque-da-semana","category-destaques-do-dia","category-ultima-hora"],"_links":{"self":[{"href":"https:\/\/diarioregionaldigital.com.br\/index.php?rest_route=\/wp\/v2\/posts\/140397","targetHints":{"allow":["GET"]}}],"collection":[{"href":"https:\/\/diarioregionaldigital.com.br\/index.php?rest_route=\/wp\/v2\/posts"}],"about":[{"href":"https:\/\/diarioregionaldigital.com.br\/index.php?rest_route=\/wp\/v2\/types\/post"}],"author":[{"embeddable":true,"href":"https:\/\/diarioregionaldigital.com.br\/index.php?rest_route=\/wp\/v2\/users\/96"}],"replies":[{"embeddable":true,"href":"https:\/\/diarioregionaldigital.com.br\/index.php?rest_route=%2Fwp%2Fv2%2Fcomments&post=140397"}],"version-history":[{"count":0,"href":"https:\/\/diarioregionaldigital.com.br\/index.php?rest_route=\/wp\/v2\/posts\/140397\/revisions"}],"wp:featuredmedia":[{"embeddable":true,"href":"https:\/\/diarioregionaldigital.com.br\/index.php?rest_route=\/wp\/v2\/media\/140398"}],"wp:attachment":[{"href":"https:\/\/diarioregionaldigital.com.br\/index.php?rest_route=%2Fwp%2Fv2%2Fmedia&parent=140397"}],"wp:term":[{"taxonomy":"category","embeddable":true,"href":"https:\/\/diarioregionaldigital.com.br\/index.php?rest_route=%2Fwp%2Fv2%2Fcategories&post=140397"},{"taxonomy":"post_tag","embeddable":true,"href":"https:\/\/diarioregionaldigital.com.br\/index.php?rest_route=%2Fwp%2Fv2%2Ftags&post=140397"}],"curies":[{"name":"wp","href":"https:\/\/api.w.org\/{rel}","templated":true}]}}