{"id":140383,"date":"2019-05-17T10:56:36","date_gmt":"2019-05-17T13:56:36","guid":{"rendered":"https:\/\/diarioregionaldigital.com.br\/?p=140383"},"modified":"2019-05-17T10:56:36","modified_gmt":"2019-05-17T13:56:36","slug":"receita-aumenta-para-r-5-milhoes-teto-de-parcelamentos-de-dividas","status":"publish","type":"post","link":"https:\/\/diarioregionaldigital.com.br\/?p=140383","title":{"rendered":"Receita aumenta para R$ 5 milh\u00f5es teto de parcelamentos de d\u00edvidas"},"content":{"rendered":"<p>Os contribuintes que devem at\u00e9 R$ 5 milh\u00f5es podem parcelar d\u00e9bitos com a Receita Federal. O\u00a0<em>Di\u00e1rio Oficial da Uni\u00e3o<\/em>\u00a0publicou\u00a0<span id=\"OBJ_PREFIX_DWT2231_com_zimbra_date\" role=\"link\"><span id=\"OBJ_PREFIX_DWT2234_com_zimbra_date\" role=\"link\">hoje<\/span><\/span>\u00a0(16)\u00a0<a href=\"http:\/\/www.in.gov.br\/en\/web\/dou\/-\/instru%C3%87%C3%83o-normativa-n%C2%BA-1.891-de-14-de-maio-de-2019-101785316\" target=\"_blank\" rel=\"noopener\">instru\u00e7\u00e3o normativa<\/a>\u00a0que amplia em cinco vezes o valor m\u00e1ximo de parcelamento ordin\u00e1rio.<\/p>\n<p>O limite anterior, de R$ 1 milh\u00e3o, n\u00e3o era reajustado desde 2013. O parcelamento ordin\u00e1rio permite que os d\u00e9bitos com o Fisco sejam renegociados em at\u00e9 60 parcelas (cinco anos). No entanto, diferentemente dos parcelamentos especiais, tamb\u00e9m chamados de Refis, n\u00e3o h\u00e1 desconto nas multas e nos juros.<\/p>\n<p>A instru\u00e7\u00e3o normativa foi necess\u00e1ria depois que o Minist\u00e9rio da Economia revogou uma\u00a0<a href=\"http:\/\/www.in.gov.br\/en\/web\/dou\/-\/portaria-conjunta-n%C2%BA-895-de-15-de-maio-de-2019-101785357\" target=\"_blank\" rel=\"noopener\">portaria conjunta<\/a>\u00a0da Receita Federal e da Procuradoria-Geral de Fazenda Nacional (PGFN) de 2009 que unificava os procedimentos para o parcelamento de d\u00e9bitos nos dois \u00f3rg\u00e3os. A Receita administra as d\u00edvidas tribut\u00e1rias (tributos em atraso). A PGFN cuida da d\u00edvida ativa da Uni\u00e3o, que re\u00fane os d\u00e9bitos cobrados na Justi\u00e7a.<\/p>\n<p>Segundo a portaria, o valor de cada parcela ser\u00e1 obtido mediante a divis\u00e3o do valor da d\u00edvida consolidada pelo n\u00famero de parcelas pedidas, desde que a presta\u00e7\u00e3o m\u00ednima corresponda a R$ 200 para devedor pessoa f\u00edsica ou R$ 500 para devedor pessoa jur\u00eddica.<\/p>\n<p>Fonte: Ag\u00eancia Brasil<\/p>\n","protected":false},"excerpt":{"rendered":"<p>Os contribuintes que devem at\u00e9 R$ 5 milh\u00f5es podem parcelar d\u00e9bitos com a Receita Federal. O\u00a0Di\u00e1rio Oficial da Uni\u00e3o\u00a0publicou\u00a0hoje\u00a0(16)\u00a0instru\u00e7\u00e3o normativa\u00a0que amplia em cinco vezes o valor m\u00e1ximo de parcelamento ordin\u00e1rio. O limite anterior, de R$ 1 milh\u00e3o, n\u00e3o era reajustado desde 2013. O parcelamento ordin\u00e1rio permite que os d\u00e9bitos com o Fisco sejam renegociados em [&hellip;]<\/p>\n","protected":false},"author":96,"featured_media":140250,"comment_status":"closed","ping_status":"closed","sticky":false,"template":"","format":"standard","meta":{"footnotes":""},"categories":[436,261,439],"tags":[],"class_list":["post-140383","post","type-post","status-publish","format-standard","has-post-thumbnail","hentry","category-destaque-da-semana","category-economia","category-ultima-hora"],"_links":{"self":[{"href":"https:\/\/diarioregionaldigital.com.br\/index.php?rest_route=\/wp\/v2\/posts\/140383","targetHints":{"allow":["GET"]}}],"collection":[{"href":"https:\/\/diarioregionaldigital.com.br\/index.php?rest_route=\/wp\/v2\/posts"}],"about":[{"href":"https:\/\/diarioregionaldigital.com.br\/index.php?rest_route=\/wp\/v2\/types\/post"}],"author":[{"embeddable":true,"href":"https:\/\/diarioregionaldigital.com.br\/index.php?rest_route=\/wp\/v2\/users\/96"}],"replies":[{"embeddable":true,"href":"https:\/\/diarioregionaldigital.com.br\/index.php?rest_route=%2Fwp%2Fv2%2Fcomments&post=140383"}],"version-history":[{"count":0,"href":"https:\/\/diarioregionaldigital.com.br\/index.php?rest_route=\/wp\/v2\/posts\/140383\/revisions"}],"wp:featuredmedia":[{"embeddable":true,"href":"https:\/\/diarioregionaldigital.com.br\/index.php?rest_route=\/wp\/v2\/media\/140250"}],"wp:attachment":[{"href":"https:\/\/diarioregionaldigital.com.br\/index.php?rest_route=%2Fwp%2Fv2%2Fmedia&parent=140383"}],"wp:term":[{"taxonomy":"category","embeddable":true,"href":"https:\/\/diarioregionaldigital.com.br\/index.php?rest_route=%2Fwp%2Fv2%2Fcategories&post=140383"},{"taxonomy":"post_tag","embeddable":true,"href":"https:\/\/diarioregionaldigital.com.br\/index.php?rest_route=%2Fwp%2Fv2%2Ftags&post=140383"}],"curies":[{"name":"wp","href":"https:\/\/api.w.org\/{rel}","templated":true}]}}