{"id":140373,"date":"2019-05-17T10:41:06","date_gmt":"2019-05-17T13:41:06","guid":{"rendered":"https:\/\/diarioregionaldigital.com.br\/?p=140373"},"modified":"2019-05-17T10:41:06","modified_gmt":"2019-05-17T13:41:06","slug":"inep-tem-novo-presidente","status":"publish","type":"post","link":"https:\/\/diarioregionaldigital.com.br\/?p=140373","title":{"rendered":"Inep tem novo presidente"},"content":{"rendered":"<p>O Minist\u00e9rio da Educa\u00e7\u00e3o informou hoje (17) que Alexandre Ribeiro Pereira Lopes ser\u00e1 o novo presidente do Instituto Nacional de Estudos e Pesquisas Educacionais An\u00edsio Teixeira (Inep). Lopes assume o lugar deixado pelo delegado Elmer Coelho Vicenzi, que\u00a0pediu demiss\u00e3o\u00a0ontem (16), ap\u00f3s menos de um m\u00eas no cargo.<\/p>\n<p>Servidor p\u00fablico de carreira, Alexandre Pereira Lopes exerce atualmente o cargo de diretor legislativo na Secretaria Executiva da Casa Civil da Presid\u00eancia da Rep\u00fablica. O novo presidente do Inep \u00e9 formado em Engenharia Qu\u00edmica pela Universidade Federal do Rio de Janeiro (UFRJ) e Direito pela Universidade de Bras\u00edlia (UnB).<\/p>\n<p>Autarquia vinculada ao Minist\u00e9rio da Educa\u00e7\u00e3o, o Inep \u00e9 respons\u00e1vel por avalia\u00e7\u00f5es como o Exame Nacional do Ensino M\u00e9dio (Enem) e o Sistema de Avalia\u00e7\u00e3o da Educa\u00e7\u00e3o B\u00e1sica (Saeb), aplicado a estudantes desde a alfabetiza\u00e7\u00e3o at\u00e9 o ensino m\u00e9dio, al\u00e9m dos censos Escolar e da Educa\u00e7\u00e3o Superior.<\/p>\n<p>Fonte: Ag\u00eancia Brasil<\/p>\n","protected":false},"excerpt":{"rendered":"<p>O Minist\u00e9rio da Educa\u00e7\u00e3o informou hoje (17) que Alexandre Ribeiro Pereira Lopes ser\u00e1 o novo presidente do Instituto Nacional de Estudos e Pesquisas Educacionais An\u00edsio Teixeira (Inep). Lopes assume o lugar deixado pelo delegado Elmer Coelho Vicenzi, que\u00a0pediu demiss\u00e3o\u00a0ontem (16), ap\u00f3s menos de um m\u00eas no cargo. Servidor p\u00fablico de carreira, Alexandre Pereira Lopes exerce [&hellip;]<\/p>\n","protected":false},"author":96,"featured_media":140374,"comment_status":"closed","ping_status":"closed","sticky":false,"template":"","format":"standard","meta":{"footnotes":""},"categories":[302,436,439],"tags":[],"class_list":["post-140373","post","type-post","status-publish","format-standard","has-post-thumbnail","hentry","category-brasil-mundo","category-destaque-da-semana","category-ultima-hora"],"_links":{"self":[{"href":"https:\/\/diarioregionaldigital.com.br\/index.php?rest_route=\/wp\/v2\/posts\/140373","targetHints":{"allow":["GET"]}}],"collection":[{"href":"https:\/\/diarioregionaldigital.com.br\/index.php?rest_route=\/wp\/v2\/posts"}],"about":[{"href":"https:\/\/diarioregionaldigital.com.br\/index.php?rest_route=\/wp\/v2\/types\/post"}],"author":[{"embeddable":true,"href":"https:\/\/diarioregionaldigital.com.br\/index.php?rest_route=\/wp\/v2\/users\/96"}],"replies":[{"embeddable":true,"href":"https:\/\/diarioregionaldigital.com.br\/index.php?rest_route=%2Fwp%2Fv2%2Fcomments&post=140373"}],"version-history":[{"count":0,"href":"https:\/\/diarioregionaldigital.com.br\/index.php?rest_route=\/wp\/v2\/posts\/140373\/revisions"}],"wp:featuredmedia":[{"embeddable":true,"href":"https:\/\/diarioregionaldigital.com.br\/index.php?rest_route=\/wp\/v2\/media\/140374"}],"wp:attachment":[{"href":"https:\/\/diarioregionaldigital.com.br\/index.php?rest_route=%2Fwp%2Fv2%2Fmedia&parent=140373"}],"wp:term":[{"taxonomy":"category","embeddable":true,"href":"https:\/\/diarioregionaldigital.com.br\/index.php?rest_route=%2Fwp%2Fv2%2Fcategories&post=140373"},{"taxonomy":"post_tag","embeddable":true,"href":"https:\/\/diarioregionaldigital.com.br\/index.php?rest_route=%2Fwp%2Fv2%2Ftags&post=140373"}],"curies":[{"name":"wp","href":"https:\/\/api.w.org\/{rel}","templated":true}]}}