{"id":140367,"date":"2019-05-17T10:27:40","date_gmt":"2019-05-17T13:27:40","guid":{"rendered":"https:\/\/diarioregionaldigital.com.br\/?p=140367"},"modified":"2019-05-17T10:27:40","modified_gmt":"2019-05-17T13:27:40","slug":"barragem-em-barao-de-cocais-pode-se-romper-a-partir-de-domingo","status":"publish","type":"post","link":"https:\/\/diarioregionaldigital.com.br\/?p=140367","title":{"rendered":"Barragem em Bar\u00e3o de Cocais pode se romper a partir de domingo"},"content":{"rendered":"<p>O Minist\u00e9rio P\u00fablico do Estado de Minas Gerais (MPMG) fez uma recomenda\u00e7\u00e3o \u00e0 mineradora Vale para que a empresa adote \u201cimediatamente\u201d uma s\u00e9rie de medidas para deixar claro \u00e0 popula\u00e7\u00e3o de Bar\u00e3o de Cocais (MG) sobre os riscos de rompimento da barragem de minera\u00e7\u00e3o Sul Superior, da Mina de Gongo Soco. De acordo com a Vale, o rompimento poder\u00e1 ocorrer entre 19 e 25 de maio.<\/p>\n<p>A informa\u00e7\u00e3o sobre o risco de rompimento foi obtida pelo MPMG junto \u00e0 pr\u00f3pria minerador que descreveu em documento \u201cuma deforma\u00e7\u00e3o no talude norte da Cava de Gongo Soco, na Mina de Gongo Soco, em Bar\u00e3o de Cocais, pass\u00edvel de provocar a sua ruptura, gerando vibra\u00e7\u00e3o capaz de ocasionar a liquefa\u00e7\u00e3o da Barragem Sul Superior, levando ao rompimento da estrutura e, por conseguinte, danos sociais e humanos imensur\u00e1veis para a regi\u00e3o\u201d.<\/p>\n<p>Segundo nota do MPMG, divulgada nesta quinta-feira (16), a Vale deve comunicar &#8220;por meio de carros de som, jornais e r\u00e1dios, informa\u00e7\u00f5es claras, completas e ver\u00eddicas\u201d sobre a condi\u00e7\u00e3o estrutural da barragem. O Minist\u00e9rio P\u00fablico quer que moradores e pessoas que estejam transitoriamente na cidade, no sudeste de Minas Gerais, saibam dos &#8220;potenciais danos e impactos de eventual rompimento\u201d.<\/p>\n<p>A recomenda\u00e7\u00e3o assinala que a empresa deve fornecer \u201ctotal apoio log\u00edstico, psicol\u00f3gico, m\u00e9dico, bem como insumos, alimenta\u00e7\u00e3o, medica\u00e7\u00e3o, transporte e tudo que for necess\u00e1rio\u201d \u00e0s pessoas eventualmente atingidas.<\/p>\n<p>A Vale tamb\u00e9m dever\u00e1 manter posto de atendimento 24 horas nas proximidades dos centros das cidades de Bar\u00e3o de Cocais, Santa B\u00e1rbara e S\u00e3o Gon\u00e7alo do Rio Abaixo. Os postos dever\u00e3o \u201ccontar com equipe multidisciplinar preparada para acolhimento, atendimento e atua\u00e7\u00e3o r\u00e1pida e pronta a servi\u00e7o dos cidad\u00e3os\u201d.<\/p>\n<p>Em comunicado, a Vale ressalta que \u201cn\u00e3o h\u00e1 elementos t\u00e9cnicos at\u00e9 o momento para se afirmar que o eventual escorregamento do talude Norte da Cava da Mina Gongo Soco desencadear\u00e1 gatilho para a ruptura da Barragem Sul Superior\u201d.<\/p>\n<p>A Vale informou que far\u00e1 simulado de evacua\u00e7\u00e3o em Bar\u00e3o de Cocais no pr\u00f3ximo s\u00e1bado, 18 de maio, \u00e0s 15h.<\/p>\n<h2>Alerta desde fevereiro<\/h2>\n<p>Em 8 de fevereiro, a Vale acionou n\u00edvel de alerta 2 para a Barragem Sul Superior e \u201cdesde ent\u00e3o [&#8230;] vem mantendo interlocu\u00e7\u00e3o com as comunidades, prefeituras, defesas civis, empresas e demais \u00f3rg\u00e3os competentes da regi\u00e3o\u201d.<\/p>\n<p>Naquela data, diz a Vale, cerca de 400 pessoas da Zona de Autossalvamento (ZAS) da barragem &#8211; comunidades de Piteiras, Socorro, Tabuleiro e Vila do Gongo \u201chaviam sido removidas preventivamente e foram acolhidas em moradias provis\u00f3rias\u201d, alugadas pela empresas, hot\u00e9is, pousadas da regi\u00e3o e casa de familiares.<\/p>\n<p>Em 23 de maio, o n\u00edvel de\u00a0alerta passou de 2 para 3, com o acionamento das sirenes no munic\u00edpio. Dois dias depois, moradores do munic\u00edpio chegaram a\u00a0simular fuga\u00a0da \u00e1rea que pode ser atingida.<\/p>\n<p>Fonte: Ag\u00eancia Brasil<\/p>\n","protected":false},"excerpt":{"rendered":"<p>O Minist\u00e9rio P\u00fablico do Estado de Minas Gerais (MPMG) fez uma recomenda\u00e7\u00e3o \u00e0 mineradora Vale para que a empresa adote \u201cimediatamente\u201d uma s\u00e9rie de medidas para deixar claro \u00e0 popula\u00e7\u00e3o de Bar\u00e3o de Cocais (MG) sobre os riscos de rompimento da barragem de minera\u00e7\u00e3o Sul Superior, da Mina de Gongo Soco. De acordo com a [&hellip;]<\/p>\n","protected":false},"author":96,"featured_media":140368,"comment_status":"closed","ping_status":"closed","sticky":false,"template":"","format":"standard","meta":{"footnotes":""},"categories":[302,436,439],"tags":[],"class_list":["post-140367","post","type-post","status-publish","format-standard","has-post-thumbnail","hentry","category-brasil-mundo","category-destaque-da-semana","category-ultima-hora"],"_links":{"self":[{"href":"https:\/\/diarioregionaldigital.com.br\/index.php?rest_route=\/wp\/v2\/posts\/140367","targetHints":{"allow":["GET"]}}],"collection":[{"href":"https:\/\/diarioregionaldigital.com.br\/index.php?rest_route=\/wp\/v2\/posts"}],"about":[{"href":"https:\/\/diarioregionaldigital.com.br\/index.php?rest_route=\/wp\/v2\/types\/post"}],"author":[{"embeddable":true,"href":"https:\/\/diarioregionaldigital.com.br\/index.php?rest_route=\/wp\/v2\/users\/96"}],"replies":[{"embeddable":true,"href":"https:\/\/diarioregionaldigital.com.br\/index.php?rest_route=%2Fwp%2Fv2%2Fcomments&post=140367"}],"version-history":[{"count":0,"href":"https:\/\/diarioregionaldigital.com.br\/index.php?rest_route=\/wp\/v2\/posts\/140367\/revisions"}],"wp:featuredmedia":[{"embeddable":true,"href":"https:\/\/diarioregionaldigital.com.br\/index.php?rest_route=\/wp\/v2\/media\/140368"}],"wp:attachment":[{"href":"https:\/\/diarioregionaldigital.com.br\/index.php?rest_route=%2Fwp%2Fv2%2Fmedia&parent=140367"}],"wp:term":[{"taxonomy":"category","embeddable":true,"href":"https:\/\/diarioregionaldigital.com.br\/index.php?rest_route=%2Fwp%2Fv2%2Fcategories&post=140367"},{"taxonomy":"post_tag","embeddable":true,"href":"https:\/\/diarioregionaldigital.com.br\/index.php?rest_route=%2Fwp%2Fv2%2Ftags&post=140367"}],"curies":[{"name":"wp","href":"https:\/\/api.w.org\/{rel}","templated":true}]}}