{"id":140365,"date":"2019-05-17T10:25:18","date_gmt":"2019-05-17T13:25:18","guid":{"rendered":"https:\/\/diarioregionaldigital.com.br\/?p=140365"},"modified":"2019-05-17T10:25:18","modified_gmt":"2019-05-17T13:25:18","slug":"governo-aprova-programas-de-desligamento-de-empregados-de-7-estatais","status":"publish","type":"post","link":"https:\/\/diarioregionaldigital.com.br\/?p=140365","title":{"rendered":"Governo aprova programas de desligamento de empregados de 7 estatais"},"content":{"rendered":"<p>Sete empresas estatais federais tiveram as propostas de programas de desligamento volunt\u00e1rio (PDV) aprovadas pelo Minist\u00e9rio da Economia. Segundo a Secretaria de Coordena\u00e7\u00e3o e Governan\u00e7a das Estatais, os programas devem resultar no desligamento de mais de 21 mil empregados e proporcionar economia de R$ 2,3 bilh\u00f5es por ano.<\/p>\n<p>O Minist\u00e9rio da Economia s\u00f3 nomeou quatro das sete empresas com propostas de PDV: Correios, Petrobras, Infraero e Embrapa. Essas companhias j\u00e1 tinham anunciado que pretendiam reduzir o quadro este ano. A pasta n\u00e3o informou as outras tr\u00eas estatais, alegando quest\u00f5es estrat\u00e9gicas, porque caber\u00e1 a cada empresa decidir se anuncia o PDV.<\/p>\n<p>A secretaria informou que a expectativa \u00e9 que os programas aprovados sejam finalizados ainda este ano. Os programas de desligamento volunt\u00e1rio, explicou o \u00f3rg\u00e3o, visam \u00e0 redu\u00e7\u00e3o de custos, com aumento da produtividade das empresas estatais.<\/p>\n<p>De acordo com a secretaria, al\u00e9m dos sete planos aprovados, o governo estuda a ado\u00e7\u00e3o de mais quatro programas de empresas distintas ainda para este ano.<\/p>\n<p>Fonte: Ag\u00eancia Brasil<\/p>\n","protected":false},"excerpt":{"rendered":"<p>Sete empresas estatais federais tiveram as propostas de programas de desligamento volunt\u00e1rio (PDV) aprovadas pelo Minist\u00e9rio da Economia. Segundo a Secretaria de Coordena\u00e7\u00e3o e Governan\u00e7a das Estatais, os programas devem resultar no desligamento de mais de 21 mil empregados e proporcionar economia de R$ 2,3 bilh\u00f5es por ano. O Minist\u00e9rio da Economia s\u00f3 nomeou quatro [&hellip;]<\/p>\n","protected":false},"author":96,"featured_media":105072,"comment_status":"closed","ping_status":"closed","sticky":false,"template":"","format":"standard","meta":{"footnotes":""},"categories":[436,261,439],"tags":[],"class_list":["post-140365","post","type-post","status-publish","format-standard","has-post-thumbnail","hentry","category-destaque-da-semana","category-economia","category-ultima-hora"],"_links":{"self":[{"href":"https:\/\/diarioregionaldigital.com.br\/index.php?rest_route=\/wp\/v2\/posts\/140365","targetHints":{"allow":["GET"]}}],"collection":[{"href":"https:\/\/diarioregionaldigital.com.br\/index.php?rest_route=\/wp\/v2\/posts"}],"about":[{"href":"https:\/\/diarioregionaldigital.com.br\/index.php?rest_route=\/wp\/v2\/types\/post"}],"author":[{"embeddable":true,"href":"https:\/\/diarioregionaldigital.com.br\/index.php?rest_route=\/wp\/v2\/users\/96"}],"replies":[{"embeddable":true,"href":"https:\/\/diarioregionaldigital.com.br\/index.php?rest_route=%2Fwp%2Fv2%2Fcomments&post=140365"}],"version-history":[{"count":0,"href":"https:\/\/diarioregionaldigital.com.br\/index.php?rest_route=\/wp\/v2\/posts\/140365\/revisions"}],"wp:featuredmedia":[{"embeddable":true,"href":"https:\/\/diarioregionaldigital.com.br\/index.php?rest_route=\/wp\/v2\/media\/105072"}],"wp:attachment":[{"href":"https:\/\/diarioregionaldigital.com.br\/index.php?rest_route=%2Fwp%2Fv2%2Fmedia&parent=140365"}],"wp:term":[{"taxonomy":"category","embeddable":true,"href":"https:\/\/diarioregionaldigital.com.br\/index.php?rest_route=%2Fwp%2Fv2%2Fcategories&post=140365"},{"taxonomy":"post_tag","embeddable":true,"href":"https:\/\/diarioregionaldigital.com.br\/index.php?rest_route=%2Fwp%2Fv2%2Ftags&post=140365"}],"curies":[{"name":"wp","href":"https:\/\/api.w.org\/{rel}","templated":true}]}}