{"id":140362,"date":"2019-05-17T10:22:40","date_gmt":"2019-05-17T13:22:40","guid":{"rendered":"https:\/\/diarioregionaldigital.com.br\/?p=140362"},"modified":"2019-05-17T10:22:40","modified_gmt":"2019-05-17T13:22:40","slug":"pib-cai-01-no-primeiro-trimestre-do-ano","status":"publish","type":"post","link":"https:\/\/diarioregionaldigital.com.br\/?p=140362","title":{"rendered":"PIB cai 0,1% no primeiro trimestre do ano"},"content":{"rendered":"<p>O Produto Interno Bruto (PIB) brasileiro, que soma todos os bens e servi\u00e7os produzidos no pa\u00eds, recuou 0,1% no primeiro trimestre deste ano, na compara\u00e7\u00e3o com o \u00faltimo trimestre do ano passado. O dado \u00e9 do Monitor do PIB, da Funda\u00e7\u00e3o Getulio Vargas (FGV), divulgado\u00a0<span id=\"OBJ_PREFIX_DWT962_com_zimbra_date\" role=\"link\">hoje<\/span>\u00a0(17).<\/p>\n<p>Na compara\u00e7\u00e3o com o primeiro trimestre do ano passado, no entanto, houve alta de 0,5%. Considerando-se apenas o m\u00eas<span id=\"OBJ_PREFIX_DWT963_com_zimbra_date\" role=\"link\">\u00a0de mar<\/span>\u00e7o, houve quedas em rela\u00e7\u00e3o a fevereiro deste ano (-0,4%) e a mar\u00e7o de 2018 (-1,7%). No acumulado de 12 meses, houve alta de 0,9%.<\/p>\n<p>Na passagem do \u00faltimo trimestre do ano passado para o primeiro trimestre deste ano, a queda de 0,1% foi puxada principalmente pelo recuo de 0,8% da ind\u00fastria. A agropecu\u00e1ria teve queda de 0,3%. Por outro lado, os servi\u00e7os evitaram queda maior, ao apresentar crescimento de 0,2%.<\/p>\n<p>Sob a \u00f3tica da demanda, a queda foi puxada pelos investimentos, que recuaram 1,9%. As exporta\u00e7\u00f5es tamb\u00e9m ca\u00edram (-1,4%). O consumo das fam\u00edlias cresceu 0,3% e o consumo de governo, 0,4%. As importa\u00e7\u00f5es cresceram 0,8%.<\/p>\n<p>Fonte: Ag\u00eancia Brasil<\/p>\n","protected":false},"excerpt":{"rendered":"<p>O Produto Interno Bruto (PIB) brasileiro, que soma todos os bens e servi\u00e7os produzidos no pa\u00eds, recuou 0,1% no primeiro trimestre deste ano, na compara\u00e7\u00e3o com o \u00faltimo trimestre do ano passado. O dado \u00e9 do Monitor do PIB, da Funda\u00e7\u00e3o Getulio Vargas (FGV), divulgado\u00a0hoje\u00a0(17). Na compara\u00e7\u00e3o com o primeiro trimestre do ano passado, no [&hellip;]<\/p>\n","protected":false},"author":96,"featured_media":140363,"comment_status":"closed","ping_status":"closed","sticky":false,"template":"","format":"standard","meta":{"footnotes":""},"categories":[436,261,439],"tags":[],"class_list":["post-140362","post","type-post","status-publish","format-standard","has-post-thumbnail","hentry","category-destaque-da-semana","category-economia","category-ultima-hora"],"_links":{"self":[{"href":"https:\/\/diarioregionaldigital.com.br\/index.php?rest_route=\/wp\/v2\/posts\/140362","targetHints":{"allow":["GET"]}}],"collection":[{"href":"https:\/\/diarioregionaldigital.com.br\/index.php?rest_route=\/wp\/v2\/posts"}],"about":[{"href":"https:\/\/diarioregionaldigital.com.br\/index.php?rest_route=\/wp\/v2\/types\/post"}],"author":[{"embeddable":true,"href":"https:\/\/diarioregionaldigital.com.br\/index.php?rest_route=\/wp\/v2\/users\/96"}],"replies":[{"embeddable":true,"href":"https:\/\/diarioregionaldigital.com.br\/index.php?rest_route=%2Fwp%2Fv2%2Fcomments&post=140362"}],"version-history":[{"count":0,"href":"https:\/\/diarioregionaldigital.com.br\/index.php?rest_route=\/wp\/v2\/posts\/140362\/revisions"}],"wp:featuredmedia":[{"embeddable":true,"href":"https:\/\/diarioregionaldigital.com.br\/index.php?rest_route=\/wp\/v2\/media\/140363"}],"wp:attachment":[{"href":"https:\/\/diarioregionaldigital.com.br\/index.php?rest_route=%2Fwp%2Fv2%2Fmedia&parent=140362"}],"wp:term":[{"taxonomy":"category","embeddable":true,"href":"https:\/\/diarioregionaldigital.com.br\/index.php?rest_route=%2Fwp%2Fv2%2Fcategories&post=140362"},{"taxonomy":"post_tag","embeddable":true,"href":"https:\/\/diarioregionaldigital.com.br\/index.php?rest_route=%2Fwp%2Fv2%2Ftags&post=140362"}],"curies":[{"name":"wp","href":"https:\/\/api.w.org\/{rel}","templated":true}]}}