{"id":140350,"date":"2019-05-17T06:00:59","date_gmt":"2019-05-17T09:00:59","guid":{"rendered":"https:\/\/diarioregionaldigital.com.br\/?p=140350"},"modified":"2019-05-17T01:52:59","modified_gmt":"2019-05-17T04:52:59","slug":"errata-prefeitura-municipal-de-tocantins-mg-licitacao-no036-17-05-19","status":"publish","type":"post","link":"https:\/\/diarioregionaldigital.com.br\/?p=140350","title":{"rendered":"Errata &#8211; Prefeitura Municipal de Tocantins-MG &#8211; Licita\u00e7\u00e3o n\u00ba036 &#8211; 17\/05\/19"},"content":{"rendered":"<p style=\"text-align: center;\"><strong>ERRATA <\/strong><\/p>\n<p style=\"text-align: center;\"><strong>LICITA\u00c7\u00c3O N\u00ba 036\/2019<\/strong><\/p>\n<p style=\"text-align: center;\"><strong>Modalidade de Preg\u00e3o n\u00b0 028\/2019<\/strong><\/p>\n<p style=\"text-align: center;\"><strong>RETIFICA\u00c7\u00c3O DA NUMERA\u00c7\u00c3O DE ANEXO NO EDITAL<\/strong><\/p>\n<p style=\"text-align: center;\">O Munic\u00edpio de TOCANTINS-MG, na forma da lei, faz saber a todos os interessados que, retificou a numera\u00e7\u00e3o dos anexos do item 7.1, \u201cn\u201d e \u201co\u201d do edital, inserindo o modelo previsto na letra \u201co\u201d atrav\u00e9s do anexo X. Como tais altera\u00e7\u00f5es n\u00e3o alteram a formula\u00e7\u00e3o da proposta fica mantida a data designada da licita\u00e7\u00e3o. O edital retificado e seus anexos, encontram-se a disposi\u00e7\u00e3o dos interessados no endere\u00e7o citado anteriormente, no hor\u00e1rio de expediente de 08:00 \u00e0s 11:00 e de 13:00 \u00e0s 16:00 hrs. TOCANTINS\/MG, 16 de maio de 2019.<\/p>\n<p style=\"text-align: center;\">\u00a0__________________________________________<\/p>\n<p style=\"text-align: center;\"><strong>LUIZ FERNANDO BARBOSA DA SILVA<\/strong><\/p>\n<p style=\"text-align: center;\"><strong>PREGOEIRO<\/strong><\/p>\n","protected":false},"excerpt":{"rendered":"<p>ERRATA LICITA\u00c7\u00c3O N\u00ba 036\/2019 Modalidade de Preg\u00e3o n\u00b0 028\/2019 RETIFICA\u00c7\u00c3O DA NUMERA\u00c7\u00c3O DE ANEXO NO EDITAL O Munic\u00edpio de TOCANTINS-MG, na forma da lei, faz saber a todos os interessados que, retificou a numera\u00e7\u00e3o dos anexos do item 7.1, \u201cn\u201d e \u201co\u201d do edital, inserindo o modelo previsto na letra \u201co\u201d atrav\u00e9s do anexo X. [&hellip;]<\/p>\n","protected":false},"author":96,"featured_media":0,"comment_status":"closed","ping_status":"closed","sticky":false,"template":"","format":"standard","meta":{"footnotes":""},"categories":[307],"tags":[],"class_list":["post-140350","post","type-post","status-publish","format-standard","hentry","category-editais"],"_links":{"self":[{"href":"https:\/\/diarioregionaldigital.com.br\/index.php?rest_route=\/wp\/v2\/posts\/140350","targetHints":{"allow":["GET"]}}],"collection":[{"href":"https:\/\/diarioregionaldigital.com.br\/index.php?rest_route=\/wp\/v2\/posts"}],"about":[{"href":"https:\/\/diarioregionaldigital.com.br\/index.php?rest_route=\/wp\/v2\/types\/post"}],"author":[{"embeddable":true,"href":"https:\/\/diarioregionaldigital.com.br\/index.php?rest_route=\/wp\/v2\/users\/96"}],"replies":[{"embeddable":true,"href":"https:\/\/diarioregionaldigital.com.br\/index.php?rest_route=%2Fwp%2Fv2%2Fcomments&post=140350"}],"version-history":[{"count":0,"href":"https:\/\/diarioregionaldigital.com.br\/index.php?rest_route=\/wp\/v2\/posts\/140350\/revisions"}],"wp:attachment":[{"href":"https:\/\/diarioregionaldigital.com.br\/index.php?rest_route=%2Fwp%2Fv2%2Fmedia&parent=140350"}],"wp:term":[{"taxonomy":"category","embeddable":true,"href":"https:\/\/diarioregionaldigital.com.br\/index.php?rest_route=%2Fwp%2Fv2%2Fcategories&post=140350"},{"taxonomy":"post_tag","embeddable":true,"href":"https:\/\/diarioregionaldigital.com.br\/index.php?rest_route=%2Fwp%2Fv2%2Ftags&post=140350"}],"curies":[{"name":"wp","href":"https:\/\/api.w.org\/{rel}","templated":true}]}}