{"id":140348,"date":"2019-05-17T06:00:20","date_gmt":"2019-05-17T09:00:20","guid":{"rendered":"https:\/\/diarioregionaldigital.com.br\/?p=140348"},"modified":"2019-05-17T01:49:12","modified_gmt":"2019-05-17T04:49:12","slug":"hosp-maternidade-convocacao-recuperacao-de-creditos-17-05-19","status":"publish","type":"post","link":"https:\/\/diarioregionaldigital.com.br\/?p=140348","title":{"rendered":"Hosp Maternidade &#8211; Convoca\u00e7\u00e3o Recupera\u00e7\u00e3o de Cr\u00e9ditos &#8211; 17\/05\/19"},"content":{"rendered":"<p style=\"text-align: center;\"><strong>REUNI\u00c3O DO CONSELHO DELIBERATIVO<\/strong><\/p>\n<p style=\"text-align: center;\"><strong>EDITAL DE CONVOCA\u00c7\u00c3O<\/strong><\/p>\n<p style=\"text-align: center;\">O Dr Jos\u00e9 Mariano Soares de Moraes, Conselheiro Presidente do Conselho Deliberativo do Hospital e Maternidade Therezinha de Jesus, no uso das atribui\u00e7\u00f5es que lhe confere a cl\u00e1usula 16 do Estatuto Social, convoca os membros do Conselho Deliberativo, em condi\u00e7\u00f5es de votar, para se reunirem em reuni\u00e3o, a realizar-se na sua sede social na Rua Dr Dirceu de Andrade, n\u00ba 33, S\u00e3o Mateus, Juiz de Fora &#8211; MG, em 22 de maio de 2019 \u00e0s 10:00 para primeira convoca\u00e7\u00e3o, com a presen\u00e7a de 2\/3 (dois ter\u00e7os) dos associados, \u00e0s 10:30 para segunda convoca\u00e7\u00e3o, para deliberar sobre contrato de recupera\u00e7\u00e3o de cr\u00e9ditos do faturamento SUS.<\/p>\n<p style=\"text-align: center;\">Juiz de Fora, 16 de maio de 2019<\/p>\n<p style=\"text-align: center;\"><strong>Dr Jose Mariano Soares de Moraes<\/strong><\/p>\n<p style=\"text-align: center;\"><strong>Conselheiro Presidente<\/strong><\/p>\n","protected":false},"excerpt":{"rendered":"<p>REUNI\u00c3O DO CONSELHO DELIBERATIVO EDITAL DE CONVOCA\u00c7\u00c3O O Dr Jos\u00e9 Mariano Soares de Moraes, Conselheiro Presidente do Conselho Deliberativo do Hospital e Maternidade Therezinha de Jesus, no uso das atribui\u00e7\u00f5es que lhe confere a cl\u00e1usula 16 do Estatuto Social, convoca os membros do Conselho Deliberativo, em condi\u00e7\u00f5es de votar, para se reunirem em reuni\u00e3o, a [&hellip;]<\/p>\n","protected":false},"author":96,"featured_media":0,"comment_status":"closed","ping_status":"closed","sticky":false,"template":"","format":"standard","meta":{"footnotes":""},"categories":[307],"tags":[],"class_list":["post-140348","post","type-post","status-publish","format-standard","hentry","category-editais"],"_links":{"self":[{"href":"https:\/\/diarioregionaldigital.com.br\/index.php?rest_route=\/wp\/v2\/posts\/140348","targetHints":{"allow":["GET"]}}],"collection":[{"href":"https:\/\/diarioregionaldigital.com.br\/index.php?rest_route=\/wp\/v2\/posts"}],"about":[{"href":"https:\/\/diarioregionaldigital.com.br\/index.php?rest_route=\/wp\/v2\/types\/post"}],"author":[{"embeddable":true,"href":"https:\/\/diarioregionaldigital.com.br\/index.php?rest_route=\/wp\/v2\/users\/96"}],"replies":[{"embeddable":true,"href":"https:\/\/diarioregionaldigital.com.br\/index.php?rest_route=%2Fwp%2Fv2%2Fcomments&post=140348"}],"version-history":[{"count":0,"href":"https:\/\/diarioregionaldigital.com.br\/index.php?rest_route=\/wp\/v2\/posts\/140348\/revisions"}],"wp:attachment":[{"href":"https:\/\/diarioregionaldigital.com.br\/index.php?rest_route=%2Fwp%2Fv2%2Fmedia&parent=140348"}],"wp:term":[{"taxonomy":"category","embeddable":true,"href":"https:\/\/diarioregionaldigital.com.br\/index.php?rest_route=%2Fwp%2Fv2%2Fcategories&post=140348"},{"taxonomy":"post_tag","embeddable":true,"href":"https:\/\/diarioregionaldigital.com.br\/index.php?rest_route=%2Fwp%2Fv2%2Ftags&post=140348"}],"curies":[{"name":"wp","href":"https:\/\/api.w.org\/{rel}","templated":true}]}}