{"id":140332,"date":"2019-05-19T06:00:32","date_gmt":"2019-05-19T09:00:32","guid":{"rendered":"https:\/\/diarioregionaldigital.com.br\/?p=140332"},"modified":"2019-05-17T01:16:32","modified_gmt":"2019-05-17T04:16:32","slug":"as-palavras-provocam-reacoes-em-cadeia-2","status":"publish","type":"post","link":"https:\/\/diarioregionaldigital.com.br\/?p=140332","title":{"rendered":"As palavras provocam rea\u00e7\u00f5es em cadeia"},"content":{"rendered":"<p style=\"text-align: center;\"><strong>As palavras provocam rea\u00e7\u00f5es em cadeia<\/strong><\/p>\n<p style=\"text-align: center;\">Os planos devem ser grandiosos, pois os pequenos planos n\u00e3o s\u00e3o atraentes. Todavia, os planos devem ser secretos. Um plano, ao mesmo tempo que precisa ser preparado cuidadosamente, deve ser executado em segredo at\u00e9 certo momento. N\u00e3o devemos pensar que revelar o plano logo no in\u00edcio seja uma forma de concretiz\u00e1-lo atrav\u00e9s do poder da palavra. A palavra possui press\u00e3o interna para concretizar o seu conte\u00fado com a m\u00e1xima pot\u00eancia enquanto est\u00e1 acumulada na mente como pensamento. Se exteriorizarmos esse pensamento atrav\u00e9s da fala, a \u201cpress\u00e3o interna do pensamento\u201d diminuir\u00e1 na propor\u00e7\u00e3o em que for falado, reduzindo-se assim a sua for\u00e7a de concretiza\u00e7\u00e3o. Por exemplo, ao exclamarmos \u201cAi, que frio!\u201d, a ideia de frio contida na mente est\u00e1 sendo exteriorizada e parcialmente eliminada. A ideia perde a sua energia \u00e0 medida que vai sendo manifestada no mundo das formas, do mesmo modo que a energia el\u00e9trica acumulada na bateria vai diminuindo \u00e0 medida que vai se transformando em luz, for\u00e7a motriz, som de alto-falantes etc.<br \/>\nEmbora a press\u00e3o interna do pensamento diminua na medida em que esse pensamento \u00e9 expresso em palavras, a sua for\u00e7a concretizadora aumenta atrav\u00e9s do poder da palavra quando essas palavras gravam sua ideia na mente da pr\u00f3pria pessoa que fala, bem como na de outras pessoas atrav\u00e9s de seu poder sugestionado e provocam uma rea\u00e7\u00e3o em cadeia. Se n\u00e3o ocorresse rea\u00e7\u00e3o em cadeia, nem a bomba at\u00f4mica conseguiria desprender a energia da rea\u00e7\u00e3o nuclear produzida pela explos\u00e3o. A quest\u00e3o \u00e9 a forma como se manifesta essa rea\u00e7\u00e3o em cadeia. Quando se manifesta de forma destrutiva, resulta em explos\u00e3o da bomba at\u00f4mica; e quando se manifesta de forma construtiva, gera uma for\u00e7a motriz \u00fatil para as ind\u00fastrias. Da mesma maneira, quando a rea\u00e7\u00e3o em cadeia das palavras manifesta-se construtivamente, resulta numa for\u00e7a que cura doen\u00e7as, levanta o \u00e2nimo e concretiza os planos. Mas quando ela se manifesta destrutivamente, produz um efeito negativo que acaba frustrando os planos. Assim, se nossos planos forem anunciados antes do tempo e, em vez, de serem ouvidos somente pelos aliados, chegarem ao conhecimento dos advers\u00e1rios, estes nos enviar\u00e3o pensamentos hostis do tipo \u201cTomara que fracasse\u201d, e, por causa da rea\u00e7\u00e3o em cadeia provocada por esse pensamento hostil, os nossos planos poder\u00e3o se malograr.<\/p>\n<p style=\"text-align: center;\"><strong>A b\u00fassola para o Progresso<\/strong><\/p>\n<p style=\"text-align: center;\">\u201cSe voc\u00ea deseja adquirir conhecimentos, precisa pagar o devido pre\u00e7o para obt\u00ea-los\u201d, disse Ruskin. Marden tamb\u00e9m confirmou: \u201cSeja qual for o seu ideal, pague o seu devido pre\u00e7o. Se n\u00e3o quer pag\u00e1-lo, siga sem desejar nada. O que \u00e9 bom n\u00e3o se encontra ao acaso na Natureza, nem existe caminho que encurte a dist\u00e2ncia para se chegar a algo de real valor. N\u00e3o h\u00e1 sen\u00e3o dois caminhos a tomar na vida: ou avan\u00e7ar com determina\u00e7\u00e3o, conquistar a coisa almejada e tornar-se um vitorioso, ou recuar, e ficar \u00e0 margem da vida como um mendigo\u201d. Muitas pessoas sofrem fracassos porque tentam alcan\u00e7ar o sucesso sem despender o devido esfor\u00e7o, escolhendo o caminho mais c\u00f4modo, e acabam se perdendo no meio do caminho. Um bom exemplo \u00e9 o caso de algu\u00e9m que deseje ser um ex\u00edmio pianista. Se ele mandar uma outra pessoa treinar ao piano em seu lugar e n\u00e3o se esfor\u00e7ar por si mesmo, jamais poder\u00e1 se aprimorar nessa arte. Ningu\u00e9m pode pagar por voc\u00ea o pre\u00e7o representado pelo \u201cesfor\u00e7o\u201d, para o seu aperfei\u00e7oamento. Caso algu\u00e9m pague o esfor\u00e7o por voc\u00ea, o m\u00e9rito ser\u00e1 dele, que alcan\u00e7ar\u00e1 o valor na quantidade correspondente ao seu esfor\u00e7o.<\/p>\n","protected":false},"excerpt":{"rendered":"<p>As palavras provocam rea\u00e7\u00f5es em cadeia Os planos devem ser grandiosos, pois os pequenos planos n\u00e3o s\u00e3o atraentes. Todavia, os planos devem ser secretos. Um plano, ao mesmo tempo que precisa ser preparado cuidadosamente, deve ser executado em segredo at\u00e9 certo momento. N\u00e3o devemos pensar que revelar o plano logo no in\u00edcio seja uma forma [&hellip;]<\/p>\n","protected":false},"author":96,"featured_media":0,"comment_status":"closed","ping_status":"closed","sticky":false,"template":"","format":"standard","meta":{"footnotes":""},"categories":[263],"tags":[],"class_list":["post-140332","post","type-post","status-publish","format-standard","hentry","category-jane-aragao"],"_links":{"self":[{"href":"https:\/\/diarioregionaldigital.com.br\/index.php?rest_route=\/wp\/v2\/posts\/140332","targetHints":{"allow":["GET"]}}],"collection":[{"href":"https:\/\/diarioregionaldigital.com.br\/index.php?rest_route=\/wp\/v2\/posts"}],"about":[{"href":"https:\/\/diarioregionaldigital.com.br\/index.php?rest_route=\/wp\/v2\/types\/post"}],"author":[{"embeddable":true,"href":"https:\/\/diarioregionaldigital.com.br\/index.php?rest_route=\/wp\/v2\/users\/96"}],"replies":[{"embeddable":true,"href":"https:\/\/diarioregionaldigital.com.br\/index.php?rest_route=%2Fwp%2Fv2%2Fcomments&post=140332"}],"version-history":[{"count":0,"href":"https:\/\/diarioregionaldigital.com.br\/index.php?rest_route=\/wp\/v2\/posts\/140332\/revisions"}],"wp:attachment":[{"href":"https:\/\/diarioregionaldigital.com.br\/index.php?rest_route=%2Fwp%2Fv2%2Fmedia&parent=140332"}],"wp:term":[{"taxonomy":"category","embeddable":true,"href":"https:\/\/diarioregionaldigital.com.br\/index.php?rest_route=%2Fwp%2Fv2%2Fcategories&post=140332"},{"taxonomy":"post_tag","embeddable":true,"href":"https:\/\/diarioregionaldigital.com.br\/index.php?rest_route=%2Fwp%2Fv2%2Ftags&post=140332"}],"curies":[{"name":"wp","href":"https:\/\/api.w.org\/{rel}","templated":true}]}}