{"id":140316,"date":"2019-05-17T06:00:48","date_gmt":"2019-05-17T09:00:48","guid":{"rendered":"https:\/\/diarioregionaldigital.com.br\/?p=140316"},"modified":"2019-05-17T00:23:31","modified_gmt":"2019-05-17T03:23:31","slug":"noite-de-autografo","status":"publish","type":"post","link":"https:\/\/diarioregionaldigital.com.br\/?p=140316","title":{"rendered":"Noite de Aut\u00f3grafo"},"content":{"rendered":"<p style=\"text-align: center;\"><strong>Noite de Aut\u00f3grafo<\/strong><\/p>\n<p style=\"text-align: center;\">Com audit\u00f3rio lotado, a professora e coordenadora do curso de p\u00f3s-gradua\u00e7\u00e3o em Sa\u00fade Mental e Aten\u00e7\u00e3o Psicossocial da Est\u00e1cio\/JF, Andr\u00e9a Stenner, lan\u00e7ou seu novo livro \u201cO feminino e a psicose\u201d. A autora se utiliza de casos cl\u00ednicos para averiguar como algumas mulheres psic\u00f3ticas conduzem seu modo singular de expressar o adoecimento.<\/p>\n<p style=\"text-align: center;\"><strong>Esporte Total<\/strong><\/p>\n<p style=\"text-align: center;\">Fazendo muito sucesso, o Centro de Futebol Zico \u00e9 refer\u00eancia em Juiz de Fora. Na esteira, o interc\u00e2mbio esportivo com Espanha e Estados Unidos entre os pa\u00edses que recebem os jovens atletas para o A-10 Academy. Participam do programa Eduardo Miranda Calil, Rafael Correa Camargo, Ant\u00f4nio Almeida Mendes, Hebert Marques, Samuel Souza Paiva, Enzo Moura Guercio e Raphael Luz.<\/p>\n<p style=\"text-align: center;\"><strong>Muito Chique<\/strong><\/p>\n<p style=\"text-align: center;\">Tendo como cen\u00e1rio a bonita fazenda no distrito de Carlos Alves, em S\u00e3o Jo\u00e3o Nepomuceno, denominado Glass Parque &#8211; Espa\u00e7o de Eventos, ser\u00e1 realizada a sess\u00e3o flor de laranjeira de Carolina Andrade Vitoi e Rodrigo Leite Vieira, dia 25 de maio. O cerimonial ser\u00e1 de Karminha Lopes com servi\u00e7o 5 estrelas do F\u00e1tima Buffet.<\/p>\n<p style=\"text-align: center;\"><strong>Moda Show<\/strong><\/p>\n<p style=\"text-align: center;\">As seguidoras da grife Balmain est\u00e3o em polvorosa: em estilo chique total acaba de abrir sua primeira loja na Am\u00e9rica Latina, mais precisamente no Shopping Cidade Jardim, em S\u00e3o Paulo. Para chegar chegando, a marca convocou um time de mulheres superpoderosas como a influenciadora digital Luisa Sobral e a Miss Brasil 2016 Raissa Santana \u2013 para um Shooting com pe\u00e7as da cole\u00e7\u00e3o ver\u00e3o 2019. Um luxo!<\/p>\n<p style=\"text-align: center;\"><strong>Finan\u00e7as<\/strong><\/p>\n<p style=\"text-align: center;\">Um levantamento do Sebrae com 3.020 micro e pequenas empresas mostrou que 20% j\u00e1 tiveram o pedido de empr\u00e9stimo negado pelos bancos. Destas, 21% apontaram que a recusa ocorreu porque as institui\u00e7\u00f5es n\u00e3o tinham este gargalo, o Governo sanciona lei que cria a Empresa Simples de Cr\u00e9dito (ESC), com objetivo de levar empr\u00e9stimo para micro e pequenos empres\u00e1rios. O projeto \u00e9 considerado por alguns a legaliza\u00e7\u00e3o da agiotagem.<\/p>\n<div id=\"attachment_140262\" style=\"width: 690px\" class=\"wp-caption aligncenter\"><img loading=\"lazy\" decoding=\"async\" aria-describedby=\"caption-attachment-140262\" class=\"wp-image-140262\" src=\"https:\/\/diarioregionaldigital.com.br\/wp-content\/uploads\/2019\/05\/fotoa-10.jpg\" alt=\"\" width=\"680\" height=\"451\" srcset=\"https:\/\/diarioregionaldigital.com.br\/wp-content\/uploads\/2019\/05\/fotoa-10.jpg 1764w, https:\/\/diarioregionaldigital.com.br\/wp-content\/uploads\/2019\/05\/fotoa-10-300x199.jpg 300w, https:\/\/diarioregionaldigital.com.br\/wp-content\/uploads\/2019\/05\/fotoa-10-768x509.jpg 768w, https:\/\/diarioregionaldigital.com.br\/wp-content\/uploads\/2019\/05\/fotoa-10-1024x679.jpg 1024w, https:\/\/diarioregionaldigital.com.br\/wp-content\/uploads\/2019\/05\/fotoa-10-360x239.jpg 360w\" sizes=\"auto, (max-width: 680px) 100vw, 680px\" \/><p id=\"caption-attachment-140262\" class=\"wp-caption-text\">A linda Izah Azarias no auge de seus 15 anos na sua festa no Aero Planet<\/p><\/div>\n<div id=\"attachment_140263\" style=\"width: 690px\" class=\"wp-caption aligncenter\"><img loading=\"lazy\" decoding=\"async\" aria-describedby=\"caption-attachment-140263\" class=\"wp-image-140263\" src=\"https:\/\/diarioregionaldigital.com.br\/wp-content\/uploads\/2019\/05\/fotob-8-e1558037315527.jpg\" alt=\"\" width=\"680\" height=\"461\" srcset=\"https:\/\/diarioregionaldigital.com.br\/wp-content\/uploads\/2019\/05\/fotob-8-e1558037315527.jpg 1180w, https:\/\/diarioregionaldigital.com.br\/wp-content\/uploads\/2019\/05\/fotob-8-e1558037315527-300x203.jpg 300w, https:\/\/diarioregionaldigital.com.br\/wp-content\/uploads\/2019\/05\/fotob-8-e1558037315527-768x521.jpg 768w, https:\/\/diarioregionaldigital.com.br\/wp-content\/uploads\/2019\/05\/fotob-8-e1558037315527-1024x694.jpg 1024w, https:\/\/diarioregionaldigital.com.br\/wp-content\/uploads\/2019\/05\/fotob-8-e1558037315527-360x244.jpg 360w\" sizes=\"auto, (max-width: 680px) 100vw, 680px\" \/><p id=\"caption-attachment-140263\" class=\"wp-caption-text\">Momento buc\u00f3lico do bonit\u00e3o Fred Gon\u00e7alves, em Tiradentes (MG)<\/p><\/div>\n<div id=\"attachment_140264\" style=\"width: 690px\" class=\"wp-caption aligncenter\"><img loading=\"lazy\" decoding=\"async\" aria-describedby=\"caption-attachment-140264\" class=\"wp-image-140264\" src=\"https:\/\/diarioregionaldigital.com.br\/wp-content\/uploads\/2019\/05\/fotoc-9-e1558060443346.jpg\" alt=\"\" width=\"680\" height=\"513\" srcset=\"https:\/\/diarioregionaldigital.com.br\/wp-content\/uploads\/2019\/05\/fotoc-9-e1558060443346.jpg 1176w, https:\/\/diarioregionaldigital.com.br\/wp-content\/uploads\/2019\/05\/fotoc-9-e1558060443346-300x226.jpg 300w, https:\/\/diarioregionaldigital.com.br\/wp-content\/uploads\/2019\/05\/fotoc-9-e1558060443346-768x579.jpg 768w, https:\/\/diarioregionaldigital.com.br\/wp-content\/uploads\/2019\/05\/fotoc-9-e1558060443346-1024x772.jpg 1024w, https:\/\/diarioregionaldigital.com.br\/wp-content\/uploads\/2019\/05\/fotoc-9-e1558060443346-360x272.jpg 360w\" sizes=\"auto, (max-width: 680px) 100vw, 680px\" \/><p id=\"caption-attachment-140264\" class=\"wp-caption-text\">Um close na bela jornalista Camila Miranda<\/p><\/div>\n<div id=\"attachment_140265\" style=\"width: 690px\" class=\"wp-caption aligncenter\"><img loading=\"lazy\" decoding=\"async\" aria-describedby=\"caption-attachment-140265\" class=\"wp-image-140265\" src=\"https:\/\/diarioregionaldigital.com.br\/wp-content\/uploads\/2019\/05\/fotod-8-e1558060688794.jpg\" alt=\"\" width=\"680\" height=\"521\" srcset=\"https:\/\/diarioregionaldigital.com.br\/wp-content\/uploads\/2019\/05\/fotod-8-e1558060688794.jpg 1176w, https:\/\/diarioregionaldigital.com.br\/wp-content\/uploads\/2019\/05\/fotod-8-e1558060688794-300x230.jpg 300w, https:\/\/diarioregionaldigital.com.br\/wp-content\/uploads\/2019\/05\/fotod-8-e1558060688794-768x588.jpg 768w, https:\/\/diarioregionaldigital.com.br\/wp-content\/uploads\/2019\/05\/fotod-8-e1558060688794-1024x785.jpg 1024w, https:\/\/diarioregionaldigital.com.br\/wp-content\/uploads\/2019\/05\/fotod-8-e1558060688794-360x276.jpg 360w\" sizes=\"auto, (max-width: 680px) 100vw, 680px\" \/><p id=\"caption-attachment-140265\" class=\"wp-caption-text\">Despedindo do ver\u00e3o em Pimenta (MG) os amigos, Arone Souza, Fred Avelar e Diego P\u00e1dua<\/p><\/div>\n<div id=\"attachment_140266\" style=\"width: 690px\" class=\"wp-caption aligncenter\"><img loading=\"lazy\" decoding=\"async\" aria-describedby=\"caption-attachment-140266\" class=\"wp-image-140266\" src=\"https:\/\/diarioregionaldigital.com.br\/wp-content\/uploads\/2019\/05\/fotoe-9-e1558060707509.jpg\" alt=\"\" width=\"680\" height=\"477\" srcset=\"https:\/\/diarioregionaldigital.com.br\/wp-content\/uploads\/2019\/05\/fotoe-9-e1558060707509.jpg 1659w, https:\/\/diarioregionaldigital.com.br\/wp-content\/uploads\/2019\/05\/fotoe-9-e1558060707509-300x210.jpg 300w, https:\/\/diarioregionaldigital.com.br\/wp-content\/uploads\/2019\/05\/fotoe-9-e1558060707509-768x538.jpg 768w, https:\/\/diarioregionaldigital.com.br\/wp-content\/uploads\/2019\/05\/fotoe-9-e1558060707509-1024x718.jpg 1024w, https:\/\/diarioregionaldigital.com.br\/wp-content\/uploads\/2019\/05\/fotoe-9-e1558060707509-360x252.jpg 360w, https:\/\/diarioregionaldigital.com.br\/wp-content\/uploads\/2019\/05\/fotoe-9-e1558060707509-100x70.jpg 100w\" sizes=\"auto, (max-width: 680px) 100vw, 680px\" \/><p id=\"caption-attachment-140266\" class=\"wp-caption-text\">O cabeleireiro das estrelas Paulo Henrique mostra seu trabalho no Sal\u00e3o PH com a bela Ra\u00edla Siano<\/p><\/div>\n<div id=\"attachment_140267\" style=\"width: 690px\" class=\"wp-caption aligncenter\"><img loading=\"lazy\" decoding=\"async\" aria-describedby=\"caption-attachment-140267\" class=\"wp-image-140267\" src=\"https:\/\/diarioregionaldigital.com.br\/wp-content\/uploads\/2019\/05\/fotof-9-e1558060739128.jpg\" alt=\"\" width=\"680\" height=\"578\" srcset=\"https:\/\/diarioregionaldigital.com.br\/wp-content\/uploads\/2019\/05\/fotof-9-e1558060739128.jpg 1175w, https:\/\/diarioregionaldigital.com.br\/wp-content\/uploads\/2019\/05\/fotof-9-e1558060739128-300x255.jpg 300w, https:\/\/diarioregionaldigital.com.br\/wp-content\/uploads\/2019\/05\/fotof-9-e1558060739128-768x652.jpg 768w, https:\/\/diarioregionaldigital.com.br\/wp-content\/uploads\/2019\/05\/fotof-9-e1558060739128-1024x870.jpg 1024w, https:\/\/diarioregionaldigital.com.br\/wp-content\/uploads\/2019\/05\/fotof-9-e1558060739128-360x306.jpg 360w\" sizes=\"auto, (max-width: 680px) 100vw, 680px\" \/><p id=\"caption-attachment-140267\" class=\"wp-caption-text\">Leitores desta coluna em sintonia, Petterson Gomes e Edu Tarocco<\/p><\/div>\n<div id=\"attachment_140268\" style=\"width: 690px\" class=\"wp-caption aligncenter\"><img loading=\"lazy\" decoding=\"async\" aria-describedby=\"caption-attachment-140268\" class=\"wp-image-140268\" src=\"https:\/\/diarioregionaldigital.com.br\/wp-content\/uploads\/2019\/05\/fotog-9-e1558060774944.jpg\" alt=\"\" width=\"680\" height=\"523\" srcset=\"https:\/\/diarioregionaldigital.com.br\/wp-content\/uploads\/2019\/05\/fotog-9-e1558060774944.jpg 966w, https:\/\/diarioregionaldigital.com.br\/wp-content\/uploads\/2019\/05\/fotog-9-e1558060774944-300x231.jpg 300w, https:\/\/diarioregionaldigital.com.br\/wp-content\/uploads\/2019\/05\/fotog-9-e1558060774944-768x591.jpg 768w, https:\/\/diarioregionaldigital.com.br\/wp-content\/uploads\/2019\/05\/fotog-9-e1558060774944-360x277.jpg 360w\" sizes=\"auto, (max-width: 680px) 100vw, 680px\" \/><p id=\"caption-attachment-140268\" class=\"wp-caption-text\">Favoritos desta colunista, os afilhados Emylaine Werneck e Victor Maia<\/p><\/div>\n<div id=\"attachment_140269\" style=\"width: 690px\" class=\"wp-caption aligncenter\"><img loading=\"lazy\" decoding=\"async\" aria-describedby=\"caption-attachment-140269\" class=\"wp-image-140269\" src=\"https:\/\/diarioregionaldigital.com.br\/wp-content\/uploads\/2019\/05\/fotoh-10-e1558060822102.jpg\" alt=\"\" width=\"680\" height=\"479\" srcset=\"https:\/\/diarioregionaldigital.com.br\/wp-content\/uploads\/2019\/05\/fotoh-10-e1558060822102.jpg 1079w, https:\/\/diarioregionaldigital.com.br\/wp-content\/uploads\/2019\/05\/fotoh-10-e1558060822102-300x210.jpg 300w, https:\/\/diarioregionaldigital.com.br\/wp-content\/uploads\/2019\/05\/fotoh-10-e1558060822102-768x541.jpg 768w, https:\/\/diarioregionaldigital.com.br\/wp-content\/uploads\/2019\/05\/fotoh-10-e1558060822102-1024x721.jpg 1024w, https:\/\/diarioregionaldigital.com.br\/wp-content\/uploads\/2019\/05\/fotoh-10-e1558060822102-360x254.jpg 360w, https:\/\/diarioregionaldigital.com.br\/wp-content\/uploads\/2019\/05\/fotoh-10-e1558060822102-100x70.jpg 100w\" sizes=\"auto, (max-width: 680px) 100vw, 680px\" \/><p id=\"caption-attachment-140269\" class=\"wp-caption-text\">Na Arpel do Spazio Design, os elegantes Myrliane Le\u00e3o, Marluce Fajardo e Alex Martins<\/p><\/div>\n<div id=\"attachment_140270\" style=\"width: 690px\" class=\"wp-caption aligncenter\"><img loading=\"lazy\" decoding=\"async\" aria-describedby=\"caption-attachment-140270\" class=\"wp-image-140270\" src=\"https:\/\/diarioregionaldigital.com.br\/wp-content\/uploads\/2019\/05\/fotoi-7-e1558060849775.jpg\" alt=\"\" width=\"680\" height=\"482\" srcset=\"https:\/\/diarioregionaldigital.com.br\/wp-content\/uploads\/2019\/05\/fotoi-7-e1558060849775.jpg 1654w, https:\/\/diarioregionaldigital.com.br\/wp-content\/uploads\/2019\/05\/fotoi-7-e1558060849775-300x213.jpg 300w, https:\/\/diarioregionaldigital.com.br\/wp-content\/uploads\/2019\/05\/fotoi-7-e1558060849775-768x544.jpg 768w, https:\/\/diarioregionaldigital.com.br\/wp-content\/uploads\/2019\/05\/fotoi-7-e1558060849775-1024x726.jpg 1024w, https:\/\/diarioregionaldigital.com.br\/wp-content\/uploads\/2019\/05\/fotoi-7-e1558060849775-750x530.jpg 750w, https:\/\/diarioregionaldigital.com.br\/wp-content\/uploads\/2019\/05\/fotoi-7-e1558060849775-360x255.jpg 360w, https:\/\/diarioregionaldigital.com.br\/wp-content\/uploads\/2019\/05\/fotoi-7-e1558060849775-100x70.jpg 100w\" sizes=\"auto, (max-width: 680px) 100vw, 680px\" \/><p id=\"caption-attachment-140270\" class=\"wp-caption-text\">Durante coquetel na Souza Gomes Im\u00f3veis, Diego Abeijon, Gilberto Proc\u00f3pio de Souza e Guilherme Duarte<\/p><\/div>\n<div id=\"attachment_140271\" style=\"width: 690px\" class=\"wp-caption aligncenter\"><img loading=\"lazy\" decoding=\"async\" aria-describedby=\"caption-attachment-140271\" class=\"wp-image-140271\" src=\"https:\/\/diarioregionaldigital.com.br\/wp-content\/uploads\/2019\/05\/fotoj-6-e1558060877643.jpg\" alt=\"\" width=\"680\" height=\"475\" srcset=\"https:\/\/diarioregionaldigital.com.br\/wp-content\/uploads\/2019\/05\/fotoj-6-e1558060877643.jpg 1657w, https:\/\/diarioregionaldigital.com.br\/wp-content\/uploads\/2019\/05\/fotoj-6-e1558060877643-300x210.jpg 300w, https:\/\/diarioregionaldigital.com.br\/wp-content\/uploads\/2019\/05\/fotoj-6-e1558060877643-768x536.jpg 768w, https:\/\/diarioregionaldigital.com.br\/wp-content\/uploads\/2019\/05\/fotoj-6-e1558060877643-1024x715.jpg 1024w, https:\/\/diarioregionaldigital.com.br\/wp-content\/uploads\/2019\/05\/fotoj-6-e1558060877643-360x251.jpg 360w, https:\/\/diarioregionaldigital.com.br\/wp-content\/uploads\/2019\/05\/fotoj-6-e1558060877643-100x70.jpg 100w\" sizes=\"auto, (max-width: 680px) 100vw, 680px\" \/><p id=\"caption-attachment-140271\" class=\"wp-caption-text\">Os charmosos, Welliton Souza, Cl\u00e1udia Nunes e Rodrigo Mota, no coquetel do 1\u00ba ano da Natuzzi Editions<\/p><\/div>\n<p style=\"text-align: center;\"><strong>FOTOSS\u00cdNTESE<\/strong><\/p>\n<p>Em estilo junino vai acontecer no dia 8 de junho, de 14h \u00e0s 22h, no estacionamento do Clube Cascatinha, o 6\u00ba Arrai\u00e1 da Ascomcer. O evento beneficente vai ter barraquinhas e atra\u00e7\u00f5es musicais.<\/p>\n<p>Leva a assinatura de Jos\u00e9 Rodrigues de Jesus (Juca), morador do Educand\u00e1rio Carlos Chagas, o desenho do r\u00f3tulo da cerveja Premium do Mr. Tugas. Parab\u00e9ns.<\/p>\n<p>Coordenado pelos professores Renata Menezes e Aloisio da Silva Lopes, o N\u00facleo de Pr\u00e1tica Jur\u00eddica da Est\u00e1cio foi certificado pelo ONU na participa\u00e7\u00e3o no Pacto Global.<\/p>\n<p>Para a feijoada CR 2019, na Esta\u00e7\u00e3o S\u00e3o Pedro, o F\u00e1tima Buffet coordenado por Cida Leite e equipe vai inovar com uma mesa de \u2018small foods\u2019, que ter\u00e1 trio mineiro, cassul\u00ea, costelinha frita com barbecue, pernil \u00e0 la CR e saladas montadas \u00e0 base de diferentes tipos de feij\u00f5es. Camisetas pelo fone: 3215-3123.<\/p>\n<p>Agendado para 13 de junho a final da Copa Prefeitura Bahamas, no Clube do Papo.<\/p>\n<p>Fazendo sucesso o Projeto Sol-Abra\u00e7ando a Vida realizado toda 2\u00ba feira, no Ritz Hotel. A coordena\u00e7\u00e3o \u00e9 de Paul Almeida e o suporte das psic\u00f3logas Fl\u00e1via Ciccarini e Rita Cypriano.<\/p>\n<p>Prossegue no Instituto Vianna J\u00fanior a Mostra Cultural e Feira do Livro. O tema \u00e9 \u201cMinas, s\u00e3o muitas\u201d, express\u00e3o de Guimar\u00e3es Rosa.<\/p>\n<p>O Espa\u00e7o Cultural do Shopping Jardim Norte foi cen\u00e1rio para o lan\u00e7amento do livro \u201cFelicidade tem quatro patas\u201d da escritora Efig\u00eania Viana.<\/p>\n<p>A Maquinaria recebe na 6\u00aa feira, 17, \u00e0s 22h, o baile do Xerxes. Rap de qualidade com RK, Brackers Mallone, Coletivo S\u00f3lon e Submundo DJs.<\/p>\n<p>Para definir: Aprendeu alguma coisa na vida quem sacou que gratid\u00e3o e prote\u00e7\u00e3o n\u00e3o se rejeita. Bom dia.<\/p>\n<p><img loading=\"lazy\" decoding=\"async\" class=\"aligncenter size-full wp-image-139945\" src=\"https:\/\/diarioregionaldigital.com.br\/wp-content\/uploads\/2019\/05\/Fashion_6x15.jpg\" alt=\"\" width=\"3495\" height=\"1781\" srcset=\"https:\/\/diarioregionaldigital.com.br\/wp-content\/uploads\/2019\/05\/Fashion_6x15.jpg 3495w, https:\/\/diarioregionaldigital.com.br\/wp-content\/uploads\/2019\/05\/Fashion_6x15-300x153.jpg 300w, https:\/\/diarioregionaldigital.com.br\/wp-content\/uploads\/2019\/05\/Fashion_6x15-768x391.jpg 768w, https:\/\/diarioregionaldigital.com.br\/wp-content\/uploads\/2019\/05\/Fashion_6x15-1024x522.jpg 1024w, https:\/\/diarioregionaldigital.com.br\/wp-content\/uploads\/2019\/05\/Fashion_6x15-360x183.jpg 360w\" sizes=\"auto, (max-width: 3495px) 100vw, 3495px\" \/><\/p>\n","protected":false},"excerpt":{"rendered":"<p>Noite de Aut\u00f3grafo Com audit\u00f3rio lotado, a professora e coordenadora do curso de p\u00f3s-gradua\u00e7\u00e3o em Sa\u00fade Mental e Aten\u00e7\u00e3o Psicossocial da Est\u00e1cio\/JF, Andr\u00e9a Stenner, lan\u00e7ou seu novo livro \u201cO feminino e a psicose\u201d. A autora se utiliza de casos cl\u00ednicos para averiguar como algumas mulheres psic\u00f3ticas conduzem seu modo singular de expressar o adoecimento. Esporte [&hellip;]<\/p>\n","protected":false},"author":96,"featured_media":140262,"comment_status":"closed","ping_status":"closed","sticky":false,"template":"","format":"standard","meta":{"footnotes":""},"categories":[264],"tags":[],"class_list":["post-140316","post","type-post","status-publish","format-standard","has-post-thumbnail","hentry","category-eduardo-gomes"],"_links":{"self":[{"href":"https:\/\/diarioregionaldigital.com.br\/index.php?rest_route=\/wp\/v2\/posts\/140316","targetHints":{"allow":["GET"]}}],"collection":[{"href":"https:\/\/diarioregionaldigital.com.br\/index.php?rest_route=\/wp\/v2\/posts"}],"about":[{"href":"https:\/\/diarioregionaldigital.com.br\/index.php?rest_route=\/wp\/v2\/types\/post"}],"author":[{"embeddable":true,"href":"https:\/\/diarioregionaldigital.com.br\/index.php?rest_route=\/wp\/v2\/users\/96"}],"replies":[{"embeddable":true,"href":"https:\/\/diarioregionaldigital.com.br\/index.php?rest_route=%2Fwp%2Fv2%2Fcomments&post=140316"}],"version-history":[{"count":0,"href":"https:\/\/diarioregionaldigital.com.br\/index.php?rest_route=\/wp\/v2\/posts\/140316\/revisions"}],"wp:featuredmedia":[{"embeddable":true,"href":"https:\/\/diarioregionaldigital.com.br\/index.php?rest_route=\/wp\/v2\/media\/140262"}],"wp:attachment":[{"href":"https:\/\/diarioregionaldigital.com.br\/index.php?rest_route=%2Fwp%2Fv2%2Fmedia&parent=140316"}],"wp:term":[{"taxonomy":"category","embeddable":true,"href":"https:\/\/diarioregionaldigital.com.br\/index.php?rest_route=%2Fwp%2Fv2%2Fcategories&post=140316"},{"taxonomy":"post_tag","embeddable":true,"href":"https:\/\/diarioregionaldigital.com.br\/index.php?rest_route=%2Fwp%2Fv2%2Ftags&post=140316"}],"curies":[{"name":"wp","href":"https:\/\/api.w.org\/{rel}","templated":true}]}}