{"id":140292,"date":"2019-05-19T06:00:02","date_gmt":"2019-05-19T09:00:02","guid":{"rendered":"https:\/\/diarioregionaldigital.com.br\/?p=140292"},"modified":"2019-05-16T19:24:38","modified_gmt":"2019-05-16T22:24:38","slug":"navegando-sem-mapa","status":"publish","type":"post","link":"https:\/\/diarioregionaldigital.com.br\/?p=140292","title":{"rendered":"NAVEGANDO SEM MAPA"},"content":{"rendered":"<p>Imagine-se viajando pelo Brasil sem conhecer o mapa do Brasil, sem ter no\u00e7\u00e3o da localiza\u00e7\u00e3o dos pontos cardeais, e sem ter a menor ideia da geografia brasileira. Seria uma viagem dif\u00edcil, voc\u00ea n\u00e3o acha?<\/p>\n<p>\u00c9 t\u00e3o dif\u00edcil chegar a um destino que voc\u00ea n\u00e3o tra\u00e7ou como voltar de um lugar para onde voc\u00ea nunca foi.<\/p>\n<p>As pessoas bem-sucedidas, segundo Napoleon Hill, foram as que conseguiram tra\u00e7ar suas metas.<\/p>\n<p>Objetivos, sonhos e metas<\/p>\n<p>Como trans\u00adformar so\u00adnhos em metas? E metas em realidade? Voc\u00ea sabe a diferen\u00e7a entre meta e objetivo?<\/p>\n<ul>\n<li>Meta<\/li>\n<\/ul>\n<p>Voc\u00ea est\u00e1 em Nova Iorque e de\u00adcide ir a Chicago. A cidade de Chicago \u00e9 uma meta que voc\u00ea atinge quando chega l\u00e1.<\/p>\n<ul>\n<li>Objetivo<\/li>\n<\/ul>\n<p>Voc\u00ea est\u00e1 em Nova Iorque e deseja ir para o Oeste. Quando chega a Chicago, voc\u00ea n\u00e3o atingiu o seu objetivo, mas apenas uma meta que estava alinhada com o seu objetivo. O seu objetivo continua depois que voc\u00ea chega a Chicago, pois sempre haver\u00e1 Oeste para ir.<\/p>\n<p>Se voc\u00ea descobre o seu objetivo de vida e alinha suas metas de acordo com ele, o universo conspira a seu favor!<\/p>\n<p>Sonhos e metas<\/p>\n<p>Quer saber o \u201ctruque\u201d para fazer um sonho virar realidade? Transforme-o em meta!<\/p>\n<p>H\u00e1 pessoas que sonham a vida inteira, mas n\u00e3o sabem transformar seus sonhos em metas. A diferen\u00e7a entre um sonho e uma meta \u00e9 a seguinte: sonho n\u00e3o tem data para acontecer, e meta tem data para acontecer.<\/p>\n<ul>\n<li>Primeiro, voc\u00ea sonha.<\/li>\n<li>Depois, estabelece uma data para ele se concretizar.<\/li>\n<li>Pronto: voc\u00ea tem uma meta. A data, portanto, \u00e9 fundamental para voc\u00ea ter uma meta.<\/li>\n<\/ul>\n<p>Quest\u00e3o de prioridade<\/p>\n<p>Na vida, sempre temos mais do que uma meta por vez. Como fazer para equilibr\u00e1-las?<\/p>\n<p>N\u00f3s vivemos de acordo com as nossas prioridades. Quando voc\u00ea diz \u201cEu n\u00e3o tenho tempo para fazer isso\u201d, \u00e9 porque n\u00e3o \u00e9 sua prioridade fazer aquilo. Quando voc\u00ea tiver, realmente, uma prioridade, eu lhe garanto que voc\u00ea vai encontrar tempo para fazer.<\/p>\n<p>Digamos que, ultimamente, voc\u00ea n\u00e3o tem encontrado tempo para arrumar seu escrit\u00f3rio. A\u00ed, eu digo que voc\u00ea ganhou uma viagem para as Bahamas: n\u00f3s dois vamos viajar depois de amanh\u00e3 para as Bahamas, com tudo pago, desde que o seu escrit\u00f3rio esteja arrumado. Quer apostar como voc\u00ea vai encontrar tempo para arrumar o escrit\u00f3rio? \u00c9 natural. A arruma\u00e7\u00e3o do escrit\u00f3rio, de repente, tornou-se uma prioridade na sua vida.<\/p>\n","protected":false},"excerpt":{"rendered":"<p>Imagine-se viajando pelo Brasil sem conhecer o mapa do Brasil, sem ter no\u00e7\u00e3o da localiza\u00e7\u00e3o dos pontos cardeais, e sem ter a menor ideia da geografia brasileira. Seria uma viagem dif\u00edcil, voc\u00ea n\u00e3o acha? \u00c9 t\u00e3o dif\u00edcil chegar a um destino que voc\u00ea n\u00e3o tra\u00e7ou como voltar de um lugar para onde voc\u00ea nunca foi. [&hellip;]<\/p>\n","protected":false},"author":96,"featured_media":96755,"comment_status":"closed","ping_status":"closed","sticky":false,"template":"","format":"standard","meta":{"footnotes":""},"categories":[435,274,439],"tags":[],"class_list":["post-140292","post","type-post","status-publish","format-standard","has-post-thumbnail","hentry","category-colunas","category-dr-lair-ribeiro","category-ultima-hora"],"_links":{"self":[{"href":"https:\/\/diarioregionaldigital.com.br\/index.php?rest_route=\/wp\/v2\/posts\/140292","targetHints":{"allow":["GET"]}}],"collection":[{"href":"https:\/\/diarioregionaldigital.com.br\/index.php?rest_route=\/wp\/v2\/posts"}],"about":[{"href":"https:\/\/diarioregionaldigital.com.br\/index.php?rest_route=\/wp\/v2\/types\/post"}],"author":[{"embeddable":true,"href":"https:\/\/diarioregionaldigital.com.br\/index.php?rest_route=\/wp\/v2\/users\/96"}],"replies":[{"embeddable":true,"href":"https:\/\/diarioregionaldigital.com.br\/index.php?rest_route=%2Fwp%2Fv2%2Fcomments&post=140292"}],"version-history":[{"count":0,"href":"https:\/\/diarioregionaldigital.com.br\/index.php?rest_route=\/wp\/v2\/posts\/140292\/revisions"}],"wp:featuredmedia":[{"embeddable":true,"href":"https:\/\/diarioregionaldigital.com.br\/index.php?rest_route=\/wp\/v2\/media\/96755"}],"wp:attachment":[{"href":"https:\/\/diarioregionaldigital.com.br\/index.php?rest_route=%2Fwp%2Fv2%2Fmedia&parent=140292"}],"wp:term":[{"taxonomy":"category","embeddable":true,"href":"https:\/\/diarioregionaldigital.com.br\/index.php?rest_route=%2Fwp%2Fv2%2Fcategories&post=140292"},{"taxonomy":"post_tag","embeddable":true,"href":"https:\/\/diarioregionaldigital.com.br\/index.php?rest_route=%2Fwp%2Fv2%2Ftags&post=140292"}],"curies":[{"name":"wp","href":"https:\/\/api.w.org\/{rel}","templated":true}]}}