{"id":140288,"date":"2019-05-19T06:00:52","date_gmt":"2019-05-19T09:00:52","guid":{"rendered":"https:\/\/diarioregionaldigital.com.br\/?p=140288"},"modified":"2019-05-16T19:25:32","modified_gmt":"2019-05-16T22:25:32","slug":"de-todos-e-para-todos","status":"publish","type":"post","link":"https:\/\/diarioregionaldigital.com.br\/?p=140288","title":{"rendered":"DE TODOS E PARA TODOS"},"content":{"rendered":"<p>A posse de Celso Niskier, eleito por unanimidade para a presid\u00eancia da Associa\u00e7\u00e3o Brasileira de Mantenedores de Ensino Superior, em Bras\u00edlia, foi uma festa muito bonita. Quase 300 pessoas assistiram \u00e0 passagem do bast\u00e3o de comando das m\u00e3os de Jangui\u00ea Diniz para o jovem reitor da Unicarioca, que assim assumiu uma responsabilidade \u00edmpar em sua vida de educador.<\/p>\n<p>Ao falar, na ocasi\u00e3o, Celso prometeu uma ABMES mais participativa, mais inclusiva e mais diversa. \u201cUma ABMES combativa, vibrante e moderna.\u201d Como um setor que ir\u00e1 se privilegiar da sua j\u00e1 expressiva experi\u00eancia no campo digital, o novo presidente prometeu uma ABMES sintonizada com os novos tempos digitais, levando a todas as regi\u00f5es do pa\u00eds informa\u00e7\u00f5es e ferramentas para aumentar a produtividade das institui\u00e7\u00f5es particulares de educa\u00e7\u00e3o superior. Deseja-se uma ABMES 4.0 para enfrentar os novos tempos.<\/p>\n<p>A entidade tem sido dirigida por figuras de relevo do nosso mundo universit\u00e1rio, como os professores Candido Mendes de Almeida, Gabriel Mario Rodrigues, Edson de Souza Franco e, mais recentemente, o presidente do Grupo Ser Educacional, Jos\u00e9 Jangui\u00ea Diniz. Todos com um trabalho de relevo.<\/p>\n<p>Ao falar, na cerim\u00f4nia de posse, Celso Niskier manifestou o desejo de que a ABMES alcance proje\u00e7\u00e3o internacional, para isso realizando viagens de interc\u00e2mbio, como a que ser\u00e1 feita proximamente \u00e0 China, ainda este ano.<\/p>\n<p>Tamb\u00e9m defendeu a maior participa\u00e7\u00e3o do setor na elabora\u00e7\u00e3o das pol\u00edticas p\u00fablicas de educa\u00e7\u00e3o superior, que se tornou uma preocupa\u00e7\u00e3o priorit\u00e1ria em virtude das perip\u00e9cias recentes manifestadas pelo MEC, com o cancelamento de recursos destinados a universidades federais e propostas altamente discut\u00edveis, como o desvirtuamento de cursos ligados \u00e0s ci\u00eancias humanas, como filosofia e sociologia. N\u00e3o \u00e9 desse jeito, positivamente, que se vai alcan\u00e7ar a qualidade almejada.<\/p>\n<p>A ABMES, com o prest\u00edgio de que goza, pretende realizar estudos e propor alternativas para o financiamento estudantil, de forma a ampliar o acesso \u00e0 educa\u00e7\u00e3o superior com foco na inclus\u00e3o social. Acompanha o atual quadro de dificuldades e pretende propor solu\u00e7\u00f5es compat\u00edveis e exequ\u00edveis, como conv\u00e9m ao momento que estamos vivendo.<\/p>\n<p>Utilizando seus quadros profissionais, a entidade deseja fortalecer a educa\u00e7\u00e3o \u00e0 dist\u00e2ncia como fator estrat\u00e9gico para o desenvolvimento regional, econ\u00f4mico e social do pa\u00eds, e mais: vai estabelecer parcerias de inova\u00e7\u00e3o tecnol\u00f3gica, visando a dotar os seus associados de ferramentas e t\u00e9cnicas de melhoria de gest\u00e3o.<\/p>\n<p>Como se v\u00ea, as ideias s\u00e3o legitimamente ambiciosas e oportunas.<\/p>\n<p><strong>\u00a0<\/strong><\/p>\n<p>&nbsp;<\/p>\n","protected":false},"excerpt":{"rendered":"<p>A posse de Celso Niskier, eleito por unanimidade para a presid\u00eancia da Associa\u00e7\u00e3o Brasileira de Mantenedores de Ensino Superior, em Bras\u00edlia, foi uma festa muito bonita. Quase 300 pessoas assistiram \u00e0 passagem do bast\u00e3o de comando das m\u00e3os de Jangui\u00ea Diniz para o jovem reitor da Unicarioca, que assim assumiu uma responsabilidade \u00edmpar em sua [&hellip;]<\/p>\n","protected":false},"author":96,"featured_media":96753,"comment_status":"closed","ping_status":"closed","sticky":false,"template":"","format":"standard","meta":{"footnotes":""},"categories":[275,435,439],"tags":[],"class_list":["post-140288","post","type-post","status-publish","format-standard","has-post-thumbnail","hentry","category-arnaldo-niskier","category-colunas","category-ultima-hora"],"_links":{"self":[{"href":"https:\/\/diarioregionaldigital.com.br\/index.php?rest_route=\/wp\/v2\/posts\/140288","targetHints":{"allow":["GET"]}}],"collection":[{"href":"https:\/\/diarioregionaldigital.com.br\/index.php?rest_route=\/wp\/v2\/posts"}],"about":[{"href":"https:\/\/diarioregionaldigital.com.br\/index.php?rest_route=\/wp\/v2\/types\/post"}],"author":[{"embeddable":true,"href":"https:\/\/diarioregionaldigital.com.br\/index.php?rest_route=\/wp\/v2\/users\/96"}],"replies":[{"embeddable":true,"href":"https:\/\/diarioregionaldigital.com.br\/index.php?rest_route=%2Fwp%2Fv2%2Fcomments&post=140288"}],"version-history":[{"count":0,"href":"https:\/\/diarioregionaldigital.com.br\/index.php?rest_route=\/wp\/v2\/posts\/140288\/revisions"}],"wp:featuredmedia":[{"embeddable":true,"href":"https:\/\/diarioregionaldigital.com.br\/index.php?rest_route=\/wp\/v2\/media\/96753"}],"wp:attachment":[{"href":"https:\/\/diarioregionaldigital.com.br\/index.php?rest_route=%2Fwp%2Fv2%2Fmedia&parent=140288"}],"wp:term":[{"taxonomy":"category","embeddable":true,"href":"https:\/\/diarioregionaldigital.com.br\/index.php?rest_route=%2Fwp%2Fv2%2Fcategories&post=140288"},{"taxonomy":"post_tag","embeddable":true,"href":"https:\/\/diarioregionaldigital.com.br\/index.php?rest_route=%2Fwp%2Fv2%2Ftags&post=140288"}],"curies":[{"name":"wp","href":"https:\/\/api.w.org\/{rel}","templated":true}]}}