{"id":140283,"date":"2019-05-19T06:00:36","date_gmt":"2019-05-19T09:00:36","guid":{"rendered":"https:\/\/diarioregionaldigital.com.br\/?p=140283"},"modified":"2019-05-16T18:28:01","modified_gmt":"2019-05-16T21:28:01","slug":"comissao-faz-duas-audiencias-sobre-mp-que-desburocratiza-abertura-de-empresas","status":"publish","type":"post","link":"https:\/\/diarioregionaldigital.com.br\/?p=140283","title":{"rendered":"Comiss\u00e3o faz duas audi\u00eancias sobre MP que desburocratiza abertura de empresas"},"content":{"rendered":"<p>A comiss\u00e3o mista que analisa a\u00a0<a href=\"https:\/\/www.congressonacional.leg.br\/materias\/medidas-provisorias\/-\/mpv\/135693\">MP 876\/2019<\/a>\u00a0promover\u00e1 duas audi\u00eancias p\u00fablicas na pr\u00f3xima ter\u00e7a-feira (21). A medida provis\u00f3ria simplifica e desburocratiza o registro de novas empresas.<\/p>\n<p>A primeira audi\u00eancia, a partir das 10h, receber\u00e1 representantes da Receita Federal; do Servi\u00e7o Brasileiro de Apoio \u00e0s Micro e Pequenas Empresas (Sebrae); do Departamento de Registro Empresarial e Integra\u00e7\u00e3o do Minist\u00e9rio da Economia; da Secretaria Especial de Desburocratiza\u00e7\u00e3o, Gest\u00e3o e Governo Digital do Minist\u00e9rio da Economia; do Servi\u00e7o Federal de Processamento de Dados (Serpro); do Instituto Nacional de Tecnologia da Informa\u00e7\u00e3o (ITI); e da Associa\u00e7\u00e3o dos Not\u00e1rios e Registradores do Brasil.<\/p>\n<p>\u00c0s 14h30, a segunda audi\u00eancia ter\u00e1 representantes de juntas comerciais, associa\u00e7\u00f5es comerciais, da Ordem dos Advogados do Brasil (OAB), do Conselho Federal de Contabilidade (CFC) e da Associa\u00e7\u00e3o Nacional de Jornais (ANJ).<\/p>\n<p>A audi\u00eancia da manh\u00e3 ser\u00e1 no Plen\u00e1rio 3 da Ala Senador Alexandre Costa. A da tarde acontecer\u00e1 no Plen\u00e1rio 6 da Ala Senador Nilo Coelho. Ambos os encontros ser\u00e3o abertos \u00e0 participa\u00e7\u00e3o dos cidad\u00e3os pelo Portal\u00a0e-Cidadania. Os nomes dos convidados para as audi\u00eancias ainda n\u00e3o est\u00e3o definidos.<\/p>\n<p>A MP 876 prev\u00ea o registro autom\u00e1tico nas juntas comerciais de firmas constitu\u00eddas como Empres\u00e1rio Individual, Empresa Individual de Responsabilidade Limitada (Eireli) e Sociedade Limitada (LTDA), quando preenchidos determinados requisitos. Caso esses requisitos n\u00e3o sejam atendidos, os atos devem ser efetivados no prazo de dois dias \u00fateis.<\/p>\n<p>A proposta tamb\u00e9m estabelece que a declara\u00e7\u00e3o do advogado ou do contador da empresa passa a ter f\u00e9 p\u00fablica. Na pr\u00e1tica, quando o advogado ou o contador que representa a empresa atestar verbalmente, na hora do atendimento, a autenticidade de documento relativo \u00e0 empresa que estiver representando na junta comercial, n\u00e3o precisar\u00e1 haver c\u00f3pia autenticada.<\/p>\n<p>A MP tem prazo at\u00e9 11 de julho, e perder\u00e1 a validade se n\u00e3o for analisada pelo Congresso Nacional at\u00e9 essa data. Ele receber\u00e1 parecer da comiss\u00e3o mista, composta por deputados e senadores. Depois, ser\u00e1 enviada para a C\u00e2mara dos Deputados e, se aprovada, para o Senado.<\/p>\n<p>O senador Jorginho Mello (PR-SC) preside a comiss\u00e3o, e o relator da MP 876 \u00e9 o deputado Aureo Ribeiro (SD-RJ)<\/p>\n<p>Fonte: Ag\u00eancia Senado<\/p>\n","protected":false},"excerpt":{"rendered":"<p>A comiss\u00e3o mista que analisa a\u00a0MP 876\/2019\u00a0promover\u00e1 duas audi\u00eancias p\u00fablicas na pr\u00f3xima ter\u00e7a-feira (21). A medida provis\u00f3ria simplifica e desburocratiza o registro de novas empresas. A primeira audi\u00eancia, a partir das 10h, receber\u00e1 representantes da Receita Federal; do Servi\u00e7o Brasileiro de Apoio \u00e0s Micro e Pequenas Empresas (Sebrae); do Departamento de Registro Empresarial e Integra\u00e7\u00e3o [&hellip;]<\/p>\n","protected":false},"author":96,"featured_media":140284,"comment_status":"closed","ping_status":"closed","sticky":false,"template":"","format":"standard","meta":{"footnotes":""},"categories":[436,254,439],"tags":[],"class_list":["post-140283","post","type-post","status-publish","format-standard","has-post-thumbnail","hentry","category-destaque-da-semana","category-politica","category-ultima-hora"],"_links":{"self":[{"href":"https:\/\/diarioregionaldigital.com.br\/index.php?rest_route=\/wp\/v2\/posts\/140283","targetHints":{"allow":["GET"]}}],"collection":[{"href":"https:\/\/diarioregionaldigital.com.br\/index.php?rest_route=\/wp\/v2\/posts"}],"about":[{"href":"https:\/\/diarioregionaldigital.com.br\/index.php?rest_route=\/wp\/v2\/types\/post"}],"author":[{"embeddable":true,"href":"https:\/\/diarioregionaldigital.com.br\/index.php?rest_route=\/wp\/v2\/users\/96"}],"replies":[{"embeddable":true,"href":"https:\/\/diarioregionaldigital.com.br\/index.php?rest_route=%2Fwp%2Fv2%2Fcomments&post=140283"}],"version-history":[{"count":0,"href":"https:\/\/diarioregionaldigital.com.br\/index.php?rest_route=\/wp\/v2\/posts\/140283\/revisions"}],"wp:featuredmedia":[{"embeddable":true,"href":"https:\/\/diarioregionaldigital.com.br\/index.php?rest_route=\/wp\/v2\/media\/140284"}],"wp:attachment":[{"href":"https:\/\/diarioregionaldigital.com.br\/index.php?rest_route=%2Fwp%2Fv2%2Fmedia&parent=140283"}],"wp:term":[{"taxonomy":"category","embeddable":true,"href":"https:\/\/diarioregionaldigital.com.br\/index.php?rest_route=%2Fwp%2Fv2%2Fcategories&post=140283"},{"taxonomy":"post_tag","embeddable":true,"href":"https:\/\/diarioregionaldigital.com.br\/index.php?rest_route=%2Fwp%2Fv2%2Ftags&post=140283"}],"curies":[{"name":"wp","href":"https:\/\/api.w.org\/{rel}","templated":true}]}}