{"id":140282,"date":"2019-05-19T06:00:34","date_gmt":"2019-05-19T09:00:34","guid":{"rendered":"https:\/\/diarioregionaldigital.com.br\/?p=140282"},"modified":"2019-05-16T18:28:27","modified_gmt":"2019-05-16T21:28:27","slug":"cas-debate-obrigatoriedade-da-oferta-de-medicamentos-de-alto-custo-pelo-sus","status":"publish","type":"post","link":"https:\/\/diarioregionaldigital.com.br\/?p=140282","title":{"rendered":"CAS debate obrigatoriedade da oferta de medicamentos de alto custo pelo SUS"},"content":{"rendered":"<p>A Comiss\u00e3o de Assuntos Sociais (CAS) promove na ter\u00e7a-feira (21) audi\u00eancia p\u00fablica interativa para debater o fornecimento de medicamentos de alto custo pelo poder p\u00fablico. O in\u00edcio do debate, que contar\u00e1 com o servi\u00e7o de L\u00edngua Brasileira de Sinais (Libras), est\u00e1 marcado para as 14h, na sala 9 da ala Alexandre Costa. A iniciativa \u00e9 da senadora Mara Gabrilli (PSDB-SP).<\/p>\n<p>Foram convidados para a audi\u00eancia a procuradora Luciana Loureiro Oliveira; o presidente da Associa\u00e7\u00e3o Nacional de Defensoras e Defensores P\u00fablicos, Pedro Paulo Coelho; o presidente da Associa\u00e7\u00e3o Carioca de Assist\u00eancia \u00e0 Mucoviscidose, Cristiano Silveira; a vice-presidente da Associa\u00e7\u00e3o Brasileira de Paramiloidose, Silvia Matheus; a presidente da Alian\u00e7a Distrofia Brasil, Karina Hamada; e um representante do Minist\u00e9rio da Sa\u00fade.<\/p>\n<h3><strong>Judicializa\u00e7\u00e3o da sa\u00fade<\/strong><\/h3>\n<p>Na quarta-feira (22), o plen\u00e1rio do Supremo Tribunal Federal (STF) dever\u00e1 julgar tr\u00eas recursos extraordin\u00e1rios sobre a responsabilidade solid\u00e1ria dos estados no dever de prestar assist\u00eancia \u00e0 sa\u00fade e o fornecimento de rem\u00e9dios de alto custo \u2014 n\u00e3o dispon\u00edveis na lista do Sistema \u00danico de Sa\u00fade (SUS) e n\u00e3o registrados na Ag\u00eancia Nacional de Vigil\u00e2ncia Sanit\u00e1ria (Anvisa).<\/p>\n<p>No \u00faltimo dia 9, o presidente do STF, ministro Dias Toffoli, recebeu 12 governadores para tratar do assunto. Eles expuseram as dificuldades decorrentes de decis\u00f5es judiciais que obrigam os estados a fornecerem rem\u00e9dios de alto custo, alguns sem registro na Anvisa, e tratamentos caros sem a ajuda da Uni\u00e3o. Segundo eles, os estados gastaram, no ano passado, R$ 17 bilh\u00f5es devido \u00e0 judicializa\u00e7\u00e3o da sa\u00fade, sendo que esses recursos n\u00e3o estavam previstos nos seus or\u00e7amentos.<\/p>\n<p>Participaram do encontro os governadores Reinaldo Azambuja (Mato Grosso do Sul), Antonio Denarium (Roraima), Camilo Santana (Cear\u00e1), Coronel Marcos Rocha (Rond\u00f4nia), F\u00e1tima Bezerra (Rio Grande do Norte), Fl\u00e1vio Dino (Maranh\u00e3o), Jo\u00e3o Azev\u00eado (Para\u00edba), Jo\u00e3o Le\u00e3o (Bahia, em exerc\u00edcio), Mauro Carlesse (Tocantins), Ronaldo Caiado (Goi\u00e1s), Waldez G\u00f3es (Amap\u00e1) e Wilson Witzel (Rio de Janeiro).<\/p>\n<p>Fonte: Ag\u00eancia Senado<\/p>\n","protected":false},"excerpt":{"rendered":"<p>A Comiss\u00e3o de Assuntos Sociais (CAS) promove na ter\u00e7a-feira (21) audi\u00eancia p\u00fablica interativa para debater o fornecimento de medicamentos de alto custo pelo poder p\u00fablico. O in\u00edcio do debate, que contar\u00e1 com o servi\u00e7o de L\u00edngua Brasileira de Sinais (Libras), est\u00e1 marcado para as 14h, na sala 9 da ala Alexandre Costa. A iniciativa \u00e9 [&hellip;]<\/p>\n","protected":false},"author":96,"featured_media":140285,"comment_status":"closed","ping_status":"closed","sticky":false,"template":"","format":"standard","meta":{"footnotes":""},"categories":[436,254,439],"tags":[],"class_list":["post-140282","post","type-post","status-publish","format-standard","has-post-thumbnail","hentry","category-destaque-da-semana","category-politica","category-ultima-hora"],"_links":{"self":[{"href":"https:\/\/diarioregionaldigital.com.br\/index.php?rest_route=\/wp\/v2\/posts\/140282","targetHints":{"allow":["GET"]}}],"collection":[{"href":"https:\/\/diarioregionaldigital.com.br\/index.php?rest_route=\/wp\/v2\/posts"}],"about":[{"href":"https:\/\/diarioregionaldigital.com.br\/index.php?rest_route=\/wp\/v2\/types\/post"}],"author":[{"embeddable":true,"href":"https:\/\/diarioregionaldigital.com.br\/index.php?rest_route=\/wp\/v2\/users\/96"}],"replies":[{"embeddable":true,"href":"https:\/\/diarioregionaldigital.com.br\/index.php?rest_route=%2Fwp%2Fv2%2Fcomments&post=140282"}],"version-history":[{"count":0,"href":"https:\/\/diarioregionaldigital.com.br\/index.php?rest_route=\/wp\/v2\/posts\/140282\/revisions"}],"wp:featuredmedia":[{"embeddable":true,"href":"https:\/\/diarioregionaldigital.com.br\/index.php?rest_route=\/wp\/v2\/media\/140285"}],"wp:attachment":[{"href":"https:\/\/diarioregionaldigital.com.br\/index.php?rest_route=%2Fwp%2Fv2%2Fmedia&parent=140282"}],"wp:term":[{"taxonomy":"category","embeddable":true,"href":"https:\/\/diarioregionaldigital.com.br\/index.php?rest_route=%2Fwp%2Fv2%2Fcategories&post=140282"},{"taxonomy":"post_tag","embeddable":true,"href":"https:\/\/diarioregionaldigital.com.br\/index.php?rest_route=%2Fwp%2Fv2%2Ftags&post=140282"}],"curies":[{"name":"wp","href":"https:\/\/api.w.org\/{rel}","templated":true}]}}