{"id":140247,"date":"2019-05-19T06:00:01","date_gmt":"2019-05-19T09:00:01","guid":{"rendered":"https:\/\/diarioregionaldigital.com.br\/?p=140247"},"modified":"2019-05-16T14:18:12","modified_gmt":"2019-05-16T17:18:12","slug":"conab-preve-que-pais-colhera-5092-milhoes-de-sacas-de-cafe-neste-ano","status":"publish","type":"post","link":"https:\/\/diarioregionaldigital.com.br\/?p=140247","title":{"rendered":"Conab prev\u00ea que pa\u00eds colher\u00e1 50,92 milh\u00f5es de sacas de caf\u00e9 neste ano"},"content":{"rendered":"<p>A segunda estimativa de safra do caf\u00e9 divulgada na quinta-feira, 16, pela Companhia Nacional de Abastecimento (Conab) indica que o Brasil deve colher 50,92 milh\u00f5es de sacas de caf\u00e9 beneficiado, das esp\u00e9cies ar\u00e1bica e conilon, este ano. O resultado representa uma redu\u00e7\u00e3o de 17,4% em rela\u00e7\u00e3o a 2018.<\/p>\n<p>Segundo a Conab, a queda \u00e9 resultado da bienalidade negativa dos cafezais, \u201cum fen\u00f4meno natural que ocorre com a cultura e faz com que sua produtividade seja maior em um ano e menor no ano seguinte\u201d. Apesar da redu\u00e7\u00e3o na estimativa, o Brasil permanece como o principal produtor e exportador mundial de caf\u00e9.<\/p>\n<p>O caf\u00e9 ar\u00e1bica, que representa uma produ\u00e7\u00e3o de 72% do total e \u00e9 mais influenciado pela bienalidade, deve alcan\u00e7ar 36,98 milh\u00f5es de sacas, uma redu\u00e7\u00e3o de 22,1% em compara\u00e7\u00e3o \u00e0 temporada anterior.<\/p>\n<p>A produ\u00e7\u00e3o de conilon est\u00e1 estimada em 13,94 milh\u00f5es de sacas, uma diminui\u00e7\u00e3o de 1,7% em rela\u00e7\u00e3o a 2018. De acordo com a Conab, essa queda \u00e9 consequ\u00eancia da redu\u00e7\u00e3o da \u00e1rea plantada na Bahia e em Minas Gerais, somada \u00e0 diminui\u00e7\u00e3o da produtividade no Esp\u00edrito Santo devido a fen\u00f4menos clim\u00e1ticos.<\/p>\n<p>&nbsp;<\/p>\n<p>Fonte: Ag\u00eancia Brasil<\/p>\n","protected":false},"excerpt":{"rendered":"<p>A segunda estimativa de safra do caf\u00e9 divulgada na quinta-feira, 16, pela Companhia Nacional de Abastecimento (Conab) indica que o Brasil deve colher 50,92 milh\u00f5es de sacas de caf\u00e9 beneficiado, das esp\u00e9cies ar\u00e1bica e conilon, este ano. O resultado representa uma redu\u00e7\u00e3o de 17,4% em rela\u00e7\u00e3o a 2018. Segundo a Conab, a queda \u00e9 resultado [&hellip;]<\/p>\n","protected":false},"author":96,"featured_media":140248,"comment_status":"closed","ping_status":"closed","sticky":false,"template":"","format":"standard","meta":{"footnotes":""},"categories":[436,261,439],"tags":[],"class_list":["post-140247","post","type-post","status-publish","format-standard","has-post-thumbnail","hentry","category-destaque-da-semana","category-economia","category-ultima-hora"],"_links":{"self":[{"href":"https:\/\/diarioregionaldigital.com.br\/index.php?rest_route=\/wp\/v2\/posts\/140247","targetHints":{"allow":["GET"]}}],"collection":[{"href":"https:\/\/diarioregionaldigital.com.br\/index.php?rest_route=\/wp\/v2\/posts"}],"about":[{"href":"https:\/\/diarioregionaldigital.com.br\/index.php?rest_route=\/wp\/v2\/types\/post"}],"author":[{"embeddable":true,"href":"https:\/\/diarioregionaldigital.com.br\/index.php?rest_route=\/wp\/v2\/users\/96"}],"replies":[{"embeddable":true,"href":"https:\/\/diarioregionaldigital.com.br\/index.php?rest_route=%2Fwp%2Fv2%2Fcomments&post=140247"}],"version-history":[{"count":0,"href":"https:\/\/diarioregionaldigital.com.br\/index.php?rest_route=\/wp\/v2\/posts\/140247\/revisions"}],"wp:featuredmedia":[{"embeddable":true,"href":"https:\/\/diarioregionaldigital.com.br\/index.php?rest_route=\/wp\/v2\/media\/140248"}],"wp:attachment":[{"href":"https:\/\/diarioregionaldigital.com.br\/index.php?rest_route=%2Fwp%2Fv2%2Fmedia&parent=140247"}],"wp:term":[{"taxonomy":"category","embeddable":true,"href":"https:\/\/diarioregionaldigital.com.br\/index.php?rest_route=%2Fwp%2Fv2%2Fcategories&post=140247"},{"taxonomy":"post_tag","embeddable":true,"href":"https:\/\/diarioregionaldigital.com.br\/index.php?rest_route=%2Fwp%2Fv2%2Ftags&post=140247"}],"curies":[{"name":"wp","href":"https:\/\/api.w.org\/{rel}","templated":true}]}}