{"id":140246,"date":"2019-05-19T06:00:45","date_gmt":"2019-05-19T09:00:45","guid":{"rendered":"https:\/\/diarioregionaldigital.com.br\/?p=140246"},"modified":"2019-05-16T14:21:33","modified_gmt":"2019-05-16T17:21:33","slug":"pais-continuara-com-deficit-ate-2025-preve-instituicao-do-senado","status":"publish","type":"post","link":"https:\/\/diarioregionaldigital.com.br\/?p=140246","title":{"rendered":"Pa\u00eds continuar\u00e1 com d\u00e9ficit at\u00e9 2025, prev\u00ea institui\u00e7\u00e3o do Senado"},"content":{"rendered":"<p>Mesmo com a aprova\u00e7\u00e3o da reforma da Previd\u00eancia, o pa\u00eds continuar\u00e1 a registrar d\u00e9ficits prim\u00e1rios \u2013 resultado das contas p\u00fablicas desconsiderando os juros da d\u00edvida \u2013 at\u00e9 2025, s\u00f3 voltando a ter resultados positivos em 2026. A conclus\u00e3o consta de relat\u00f3rio da Institui\u00e7\u00e3o Fiscal Independente (IFI), \u00f3rg\u00e3o auxiliar do Senado, divulgado na \u00faltimo dia 15.<\/p>\n<p>O relat\u00f3rio tamb\u00e9m apontou alto risco de descumprimento do teto de gastos \u2013 que limita o crescimento das despesas federais \u00e0 infla\u00e7\u00e3o \u2013 a partir de 2022. Para 2019 e 2020, a IFI considera baixas as chances de os gastos estourarem o teto, mas v\u00ea risco moderado em 2021.<\/p>\n<p>O principal fator para a revis\u00e3o das proje\u00e7\u00f5es foi a piora nas previs\u00f5es de crescimento econ\u00f4mico e na arrecada\u00e7\u00e3o do governo no curto prazo. A IFI reduziu de 2,3% para 1,8% a estimativa de expans\u00e3o do Produto Interno Bruto (PIB, soma dos bens e servi\u00e7os produzidos) para 2019. Para 2020, a institui\u00e7\u00e3o revisou a estimativa de crescimento de 2,36% para 2,24%.<\/p>\n<p>Segundo a IFI, o acionamento de gatilhos para o teto de gastos a partir de 2023 reduziria o gasto com pessoal em quase dois pontos do PIB: de 4,2% para 2,5% do PIB entre 2020 e 2030. Apesar disso, os gatilhos seriam insuficientes para que o governo tivesse margem para executar as despesas necess\u00e1rias para o funcionamento da m\u00e1quina p\u00fablica.<\/p>\n<p>O menor crescimento adiar\u00e1 a estabiliza\u00e7\u00e3o da d\u00edvida p\u00fablica. No cen\u00e1rio base, o mais prov\u00e1vel, a proje\u00e7\u00e3o da d\u00edvida bruta do Governo Geral para o fim de 2019 passou de 77,8% para 79,6% do PIB. O endividamento continuaria a crescer at\u00e9 atingir o pico de 85,5% do PIB em 2025 e come\u00e7ando a cair gradualmente, at\u00e9 chegar a 82,6% do PIB em 2030. No relat\u00f3rio anterior, a d\u00edvida atingiria o ponto mais alto de 82,7% do PIB em 2023 e 2024, caindo para 72,2% at\u00e9 2030.<\/p>\n<p>No cen\u00e1rio mais pessimista, que n\u00e3o considera a aprova\u00e7\u00e3o de nenhuma reforma, a d\u00edvida bruta do Governo Geral atingiria 100% do PIB em 2026, e n\u00e3o em 2030, como anteriormente estimado.<\/p>\n<h2>Perda de f\u00f4lego<\/h2>\n<p>O relat\u00f3rio destaca a perda de f\u00f4lego da ind\u00fastria e a manuten\u00e7\u00e3o das incertezas dom\u00e9sticas como fatores principais para a revis\u00e3o para baixo do crescimento econ\u00f4mico. A IFI cita o rompimento da barragem da Vale em Brumadinho (MG) como fator de impacto na ind\u00fastria extrativa. Na ind\u00fastria de transforma\u00e7\u00e3o, os principais respons\u00e1veis pela desacelera\u00e7\u00e3o foram o enfraquecimento da demanda argentina, principal destino das mercadorias manufaturadas brasileiras, e a demanda dom\u00e9stica mais fraca.<\/p>\n<p>Em rela\u00e7\u00e3o ao varejo, o relat\u00f3rio informa que o desemprego ainda alto impede a recupera\u00e7\u00e3o do consumo interno de bens e de servi\u00e7os. No entanto, a IFI pondera que as proje\u00e7\u00f5es para o PIB de 2019 podem ser revistas para cima caso o governo consiga aprovar a\u00e7\u00f5es para equilibrar as contas p\u00fablicas e incentivar a produtividade.<\/p>\n<p>Criada em dezembro de 2016 por resolu\u00e7\u00e3o do Senado Federal, a Institui\u00e7\u00e3o Fiscal Independente produz relat\u00f3rios, notas t\u00e9cnicas, banco de dados e proje\u00e7\u00f5es econ\u00f4micas que s\u00e3o levadas em conta pelos parlamentares na an\u00e1lise de projetos de lei e de medidas do governo. O \u00f3rg\u00e3o pode agir tanto por iniciativa pr\u00f3pria como quanto por demandas espec\u00edficas de senadores.<\/p>\n<p>Fonte: Ag\u00eancia Brasil<\/p>\n","protected":false},"excerpt":{"rendered":"<p>Mesmo com a aprova\u00e7\u00e3o da reforma da Previd\u00eancia, o pa\u00eds continuar\u00e1 a registrar d\u00e9ficits prim\u00e1rios \u2013 resultado das contas p\u00fablicas desconsiderando os juros da d\u00edvida \u2013 at\u00e9 2025, s\u00f3 voltando a ter resultados positivos em 2026. A conclus\u00e3o consta de relat\u00f3rio da Institui\u00e7\u00e3o Fiscal Independente (IFI), \u00f3rg\u00e3o auxiliar do Senado, divulgado na \u00faltimo dia 15. [&hellip;]<\/p>\n","protected":false},"author":96,"featured_media":140250,"comment_status":"closed","ping_status":"closed","sticky":false,"template":"","format":"standard","meta":{"footnotes":""},"categories":[436,261,439],"tags":[],"class_list":["post-140246","post","type-post","status-publish","format-standard","has-post-thumbnail","hentry","category-destaque-da-semana","category-economia","category-ultima-hora"],"_links":{"self":[{"href":"https:\/\/diarioregionaldigital.com.br\/index.php?rest_route=\/wp\/v2\/posts\/140246","targetHints":{"allow":["GET"]}}],"collection":[{"href":"https:\/\/diarioregionaldigital.com.br\/index.php?rest_route=\/wp\/v2\/posts"}],"about":[{"href":"https:\/\/diarioregionaldigital.com.br\/index.php?rest_route=\/wp\/v2\/types\/post"}],"author":[{"embeddable":true,"href":"https:\/\/diarioregionaldigital.com.br\/index.php?rest_route=\/wp\/v2\/users\/96"}],"replies":[{"embeddable":true,"href":"https:\/\/diarioregionaldigital.com.br\/index.php?rest_route=%2Fwp%2Fv2%2Fcomments&post=140246"}],"version-history":[{"count":0,"href":"https:\/\/diarioregionaldigital.com.br\/index.php?rest_route=\/wp\/v2\/posts\/140246\/revisions"}],"wp:featuredmedia":[{"embeddable":true,"href":"https:\/\/diarioregionaldigital.com.br\/index.php?rest_route=\/wp\/v2\/media\/140250"}],"wp:attachment":[{"href":"https:\/\/diarioregionaldigital.com.br\/index.php?rest_route=%2Fwp%2Fv2%2Fmedia&parent=140246"}],"wp:term":[{"taxonomy":"category","embeddable":true,"href":"https:\/\/diarioregionaldigital.com.br\/index.php?rest_route=%2Fwp%2Fv2%2Fcategories&post=140246"},{"taxonomy":"post_tag","embeddable":true,"href":"https:\/\/diarioregionaldigital.com.br\/index.php?rest_route=%2Fwp%2Fv2%2Ftags&post=140246"}],"curies":[{"name":"wp","href":"https:\/\/api.w.org\/{rel}","templated":true}]}}