{"id":140108,"date":"2019-05-14T15:06:32","date_gmt":"2019-05-14T18:06:32","guid":{"rendered":"https:\/\/diarioregionaldigital.com.br\/?p=140108"},"modified":"2019-05-14T15:06:32","modified_gmt":"2019-05-14T18:06:32","slug":"funalfa-distribui-convites-para-espetaculo-com-recursos-de-acessibilidade","status":"publish","type":"post","link":"https:\/\/diarioregionaldigital.com.br\/?p=140108","title":{"rendered":"Funalfa distribui convites para espet\u00e1culo com recursos de acessibilidade"},"content":{"rendered":"<p>A Funda\u00e7\u00e3o Cultural \u201cAlfredo Ferreira Lage\u201d (Funalfa) vai come\u00e7ar a distribuir 150 ingressos para a pe\u00e7a \u201cNingu\u00e9m mais vai ser bonzinho\u201d a partir de quarta-feira, 15. A distribui\u00e7\u00e3o dos convites \u00e9 dirigida a pessoas com algum tipo de defici\u00eancia.<\/p>\n<p>O espet\u00e1culo \u00e9 do grupo carioca \u201cOs Inclusos e os Sisos\u201d, criado pela atriz Tat\u00e1 Werneck, e ser\u00e1 apresentado no dia 23 deste m\u00eas, quinta-feira, \u00e0s 15 horas, no Teatro \u201cPaschoal Carlos Magno\u201d. Ser\u00e3o liberados at\u00e9 dois ingressos por CPF, considerando a necessidade de acompanhante.<\/p>\n<p>A retirada dos ingressos deve ser feita na sede da Funalfa (Avenida Rio Branco, 2.234 \u2013 Centro), das 8h30 \u00e0s 11h30 e das 14h30 as 17h30. \u00c9 necess\u00e1rio informar o nome completo e o tipo de defici\u00eancia. No caso de institui\u00e7\u00e3o com reconhecido trabalho no atendimento a esse p\u00fablico, o total de convites ser\u00e1 equivalente ao n\u00famero de assistidos interessados em assistir \u00e0 pe\u00e7a. Al\u00e9m disso, outros 200 convites v\u00e3o distribu\u00eddos por meio da Secretaria de Educa\u00e7\u00e3o e destinados a estudantes, profissionais e professores.<\/p>\n<p>A produ\u00e7\u00e3o oferece dez recursos de acessibilidade, como int\u00e9rprete de Libras, fones para audiodescri\u00e7\u00e3o, material de comunica\u00e7\u00e3o em braile e formatos digitais, al\u00e9m de visita t\u00e1til ao cen\u00e1rio, entre outros. A montagem aborda quest\u00f5es cotidianas de preconceito e discrimina\u00e7\u00e3o. S\u00e3o sete esquetes que apresentam personagens em que o p\u00fablico se reconhece com facilidade, permitindo que todas as pessoas &#8211; com e sem defici\u00eancia &#8211; participem e se divirtam juntas no teatro. N\u00e3o h\u00e1 restri\u00e7\u00e3o de idade, mas a montagem \u00e9 recomendada para pessoas a partir de 12 anos.<\/p>\n<p>O espet\u00e1culo j\u00e1 foi visto por mais de cem mil espectadores, e o grupo \u201cOs Inclusos e os Sisos\u201d recebeu pr\u00eamio das Na\u00e7\u00f5es Unidas por ser o \u00fanico no mundo a oferecer m\u00e1xima acessibilidade.<\/p>\n<p>&nbsp;<\/p>\n","protected":false},"excerpt":{"rendered":"<p>A Funda\u00e7\u00e3o Cultural \u201cAlfredo Ferreira Lage\u201d (Funalfa) vai come\u00e7ar a distribuir 150 ingressos para a pe\u00e7a \u201cNingu\u00e9m mais vai ser bonzinho\u201d a partir de quarta-feira, 15. A distribui\u00e7\u00e3o dos convites \u00e9 dirigida a pessoas com algum tipo de defici\u00eancia. O espet\u00e1culo \u00e9 do grupo carioca \u201cOs Inclusos e os Sisos\u201d, criado pela atriz Tat\u00e1 Werneck, [&hellip;]<\/p>\n","protected":false},"author":96,"featured_media":140109,"comment_status":"closed","ping_status":"closed","sticky":false,"template":"","format":"standard","meta":{"footnotes":""},"categories":[253,436,440,439],"tags":[],"class_list":["post-140108","post","type-post","status-publish","format-standard","has-post-thumbnail","hentry","category-cidade","category-destaque-da-semana","category-destaques-do-dia","category-ultima-hora"],"_links":{"self":[{"href":"https:\/\/diarioregionaldigital.com.br\/index.php?rest_route=\/wp\/v2\/posts\/140108","targetHints":{"allow":["GET"]}}],"collection":[{"href":"https:\/\/diarioregionaldigital.com.br\/index.php?rest_route=\/wp\/v2\/posts"}],"about":[{"href":"https:\/\/diarioregionaldigital.com.br\/index.php?rest_route=\/wp\/v2\/types\/post"}],"author":[{"embeddable":true,"href":"https:\/\/diarioregionaldigital.com.br\/index.php?rest_route=\/wp\/v2\/users\/96"}],"replies":[{"embeddable":true,"href":"https:\/\/diarioregionaldigital.com.br\/index.php?rest_route=%2Fwp%2Fv2%2Fcomments&post=140108"}],"version-history":[{"count":0,"href":"https:\/\/diarioregionaldigital.com.br\/index.php?rest_route=\/wp\/v2\/posts\/140108\/revisions"}],"wp:featuredmedia":[{"embeddable":true,"href":"https:\/\/diarioregionaldigital.com.br\/index.php?rest_route=\/wp\/v2\/media\/140109"}],"wp:attachment":[{"href":"https:\/\/diarioregionaldigital.com.br\/index.php?rest_route=%2Fwp%2Fv2%2Fmedia&parent=140108"}],"wp:term":[{"taxonomy":"category","embeddable":true,"href":"https:\/\/diarioregionaldigital.com.br\/index.php?rest_route=%2Fwp%2Fv2%2Fcategories&post=140108"},{"taxonomy":"post_tag","embeddable":true,"href":"https:\/\/diarioregionaldigital.com.br\/index.php?rest_route=%2Fwp%2Fv2%2Ftags&post=140108"}],"curies":[{"name":"wp","href":"https:\/\/api.w.org\/{rel}","templated":true}]}}