{"id":140105,"date":"2019-05-14T14:52:52","date_gmt":"2019-05-14T17:52:52","guid":{"rendered":"https:\/\/diarioregionaldigital.com.br\/?p=140105"},"modified":"2019-05-14T14:52:52","modified_gmt":"2019-05-14T17:52:52","slug":"usuarios-de-smartphone-devem-atualizar-whatsapp-orienta-empresa","status":"publish","type":"post","link":"https:\/\/diarioregionaldigital.com.br\/?p=140105","title":{"rendered":"Usu\u00e1rios de smartphone devem atualizar WhatsApp, orienta empresa"},"content":{"rendered":"<p>O WhatsApp divulgou hoje (14) recomenda\u00e7\u00f5es a usu\u00e1rios para que atualizem o aplicativo em seus smartphones. O motivo da orienta\u00e7\u00e3o diz respeito a uma falha na seguran\u00e7a que teria permitido o acesso de\u00a0hackers e a instala\u00e7\u00e3o de pequenos programas maliciosos (spywares) para coletar informa\u00e7\u00f5es dos usu\u00e1rios.<\/p>\n<p>A a\u00e7\u00e3o teria utilizado um software de espionagem semelhante aos desenvolvidos pela empresa israelense NSO Group, que comercializa solu\u00e7\u00f5es deste tipo junto a governos. Por meio do programa, os hackers teriam como acessar informa\u00e7\u00f5es dos smartphones dos usu\u00e1rios de forma remota.<\/p>\n<p>\u201cO WhatsApp incentiva as pessoas a atualizarem o nosso aplicativo para a vers\u00e3o mais recente, assim como manter o sistema operacional dos dispositivos atualizados, a fim de proteger contra poss\u00edveis ataques destinados a comprometer as informa\u00e7\u00f5es armazenadas em dispositivos m\u00f3veis\u201d, destacou a empresa em resposta \u00e0\u00a0<strong>Ag\u00eancia Brasil<\/strong>.<\/p>\n<p>Para atualizar o programa, a pessoa deve desinstalar o WhatsApp e baixar a \u00faltima vers\u00e3o dispon\u00edvel na loja de aplicativos do seu smatphone (como a Play Store, do Google, ou a Apple Store, da empresa de mesmo nome).<\/p>\n<p>A empresa orienta ainda os usu\u00e1rios a manterem os sistemas operacionais atualizados, pois a a\u00e7\u00e3o dos invasores pode se beneficiar dessa vulnerabilidade.<\/p>\n<p>O WhatsApp \u00e9 a maior rede social de troca de mensagens do mundo, com mais de 1,5 bilh\u00e3o de usu\u00e1rios. No Brasil, o \u00faltimo n\u00famero divulgado dava conta de uma base de cerca de 130 milh\u00f5es de pessoas.<\/p>\n<p>Fonte: Ag\u00eancia Brasil<\/p>\n","protected":false},"excerpt":{"rendered":"<p>O WhatsApp divulgou hoje (14) recomenda\u00e7\u00f5es a usu\u00e1rios para que atualizem o aplicativo em seus smartphones. O motivo da orienta\u00e7\u00e3o diz respeito a uma falha na seguran\u00e7a que teria permitido o acesso de\u00a0hackers e a instala\u00e7\u00e3o de pequenos programas maliciosos (spywares) para coletar informa\u00e7\u00f5es dos usu\u00e1rios. A a\u00e7\u00e3o teria utilizado um software de espionagem semelhante [&hellip;]<\/p>\n","protected":false},"author":96,"featured_media":140106,"comment_status":"closed","ping_status":"closed","sticky":false,"template":"","format":"standard","meta":{"footnotes":""},"categories":[302,436,439],"tags":[],"class_list":["post-140105","post","type-post","status-publish","format-standard","has-post-thumbnail","hentry","category-brasil-mundo","category-destaque-da-semana","category-ultima-hora"],"_links":{"self":[{"href":"https:\/\/diarioregionaldigital.com.br\/index.php?rest_route=\/wp\/v2\/posts\/140105","targetHints":{"allow":["GET"]}}],"collection":[{"href":"https:\/\/diarioregionaldigital.com.br\/index.php?rest_route=\/wp\/v2\/posts"}],"about":[{"href":"https:\/\/diarioregionaldigital.com.br\/index.php?rest_route=\/wp\/v2\/types\/post"}],"author":[{"embeddable":true,"href":"https:\/\/diarioregionaldigital.com.br\/index.php?rest_route=\/wp\/v2\/users\/96"}],"replies":[{"embeddable":true,"href":"https:\/\/diarioregionaldigital.com.br\/index.php?rest_route=%2Fwp%2Fv2%2Fcomments&post=140105"}],"version-history":[{"count":0,"href":"https:\/\/diarioregionaldigital.com.br\/index.php?rest_route=\/wp\/v2\/posts\/140105\/revisions"}],"wp:featuredmedia":[{"embeddable":true,"href":"https:\/\/diarioregionaldigital.com.br\/index.php?rest_route=\/wp\/v2\/media\/140106"}],"wp:attachment":[{"href":"https:\/\/diarioregionaldigital.com.br\/index.php?rest_route=%2Fwp%2Fv2%2Fmedia&parent=140105"}],"wp:term":[{"taxonomy":"category","embeddable":true,"href":"https:\/\/diarioregionaldigital.com.br\/index.php?rest_route=%2Fwp%2Fv2%2Fcategories&post=140105"},{"taxonomy":"post_tag","embeddable":true,"href":"https:\/\/diarioregionaldigital.com.br\/index.php?rest_route=%2Fwp%2Fv2%2Ftags&post=140105"}],"curies":[{"name":"wp","href":"https:\/\/api.w.org\/{rel}","templated":true}]}}