{"id":140088,"date":"2019-05-14T14:02:27","date_gmt":"2019-05-14T17:02:27","guid":{"rendered":"https:\/\/diarioregionaldigital.com.br\/?p=140088"},"modified":"2019-05-14T14:02:27","modified_gmt":"2019-05-14T17:02:27","slug":"volume-de-servicos-recua-07-de-fevereiro-para-marco-diz-ibge","status":"publish","type":"post","link":"https:\/\/diarioregionaldigital.com.br\/?p=140088","title":{"rendered":"Volume de servi\u00e7os recua 0,7% de fevereiro para mar\u00e7o, diz IBGE"},"content":{"rendered":"<p>O volume de servi\u00e7os no pa\u00eds caiu 0,7% em mar\u00e7o deste ano, na compara\u00e7\u00e3o com fevereiro. Esta \u00e9 a terceira queda consecutiva do setor no ano, que acumula uma queda de 1,7% nos tr\u00eas primeiros meses. Os dados foram divulgados hoje (14) pelo Instituto Brasileiro de Geografia e Estat\u00edstica (IBGE).<\/p>\n<p>Na compara\u00e7\u00e3o com mar\u00e7o de 2018, a queda chegou a 2,3%. O setor acumula altas de 1,1% no primeiro trimestre (na compara\u00e7\u00e3o com o primeiro trimestre de 2018) e 0,6% no acumulado de 12 meses.<\/p>\n<p>Dos cinco segmentos de servi\u00e7os pesquisados, tr\u00eas tiveram queda, com destaque para os servi\u00e7os de informa\u00e7\u00e3o e comunica\u00e7\u00e3o (-1,7%). Outros recuos foram observados nos profissionais, administrativos e complementares (-0,1%) e nos outros servi\u00e7os (-0,2%).<\/p>\n<p>Por outro lado, tiveram crescimento os servi\u00e7os prestados \u00e0s fam\u00edlias (1,4%) e os transportes, auxiliares de transportes e correios (0,5%).<\/p>\n<p>A receita nominal dos servi\u00e7os teve queda de 0,6% na passagem de fevereiro para mar\u00e7o e altas de 1,1% na compara\u00e7\u00e3o com mar\u00e7o de 2018, de 4,3% no acumulado do ano e de 3,5% no acumulado de 12 meses.<\/p>\n<p>Fonte: Ag\u00eancia Brasil<\/p>\n","protected":false},"excerpt":{"rendered":"<p>O volume de servi\u00e7os no pa\u00eds caiu 0,7% em mar\u00e7o deste ano, na compara\u00e7\u00e3o com fevereiro. Esta \u00e9 a terceira queda consecutiva do setor no ano, que acumula uma queda de 1,7% nos tr\u00eas primeiros meses. Os dados foram divulgados hoje (14) pelo Instituto Brasileiro de Geografia e Estat\u00edstica (IBGE). Na compara\u00e7\u00e3o com mar\u00e7o de [&hellip;]<\/p>\n","protected":false},"author":96,"featured_media":140089,"comment_status":"closed","ping_status":"closed","sticky":false,"template":"","format":"standard","meta":{"footnotes":""},"categories":[436,261,439],"tags":[],"class_list":["post-140088","post","type-post","status-publish","format-standard","has-post-thumbnail","hentry","category-destaque-da-semana","category-economia","category-ultima-hora"],"_links":{"self":[{"href":"https:\/\/diarioregionaldigital.com.br\/index.php?rest_route=\/wp\/v2\/posts\/140088","targetHints":{"allow":["GET"]}}],"collection":[{"href":"https:\/\/diarioregionaldigital.com.br\/index.php?rest_route=\/wp\/v2\/posts"}],"about":[{"href":"https:\/\/diarioregionaldigital.com.br\/index.php?rest_route=\/wp\/v2\/types\/post"}],"author":[{"embeddable":true,"href":"https:\/\/diarioregionaldigital.com.br\/index.php?rest_route=\/wp\/v2\/users\/96"}],"replies":[{"embeddable":true,"href":"https:\/\/diarioregionaldigital.com.br\/index.php?rest_route=%2Fwp%2Fv2%2Fcomments&post=140088"}],"version-history":[{"count":0,"href":"https:\/\/diarioregionaldigital.com.br\/index.php?rest_route=\/wp\/v2\/posts\/140088\/revisions"}],"wp:featuredmedia":[{"embeddable":true,"href":"https:\/\/diarioregionaldigital.com.br\/index.php?rest_route=\/wp\/v2\/media\/140089"}],"wp:attachment":[{"href":"https:\/\/diarioregionaldigital.com.br\/index.php?rest_route=%2Fwp%2Fv2%2Fmedia&parent=140088"}],"wp:term":[{"taxonomy":"category","embeddable":true,"href":"https:\/\/diarioregionaldigital.com.br\/index.php?rest_route=%2Fwp%2Fv2%2Fcategories&post=140088"},{"taxonomy":"post_tag","embeddable":true,"href":"https:\/\/diarioregionaldigital.com.br\/index.php?rest_route=%2Fwp%2Fv2%2Ftags&post=140088"}],"curies":[{"name":"wp","href":"https:\/\/api.w.org\/{rel}","templated":true}]}}