{"id":140087,"date":"2019-05-14T14:07:31","date_gmt":"2019-05-14T17:07:31","guid":{"rendered":"https:\/\/diarioregionaldigital.com.br\/?p=140087"},"modified":"2019-05-14T14:07:31","modified_gmt":"2019-05-14T17:07:31","slug":"producao-de-ovos-tem-primeira-queda-em-22-anos-diz-ibge","status":"publish","type":"post","link":"https:\/\/diarioregionaldigital.com.br\/?p=140087","title":{"rendered":"Produ\u00e7\u00e3o de ovos tem primeira queda em 22 anos, diz IBGE"},"content":{"rendered":"<p>A produ\u00e7\u00e3o nacional de ovos de galinha teve uma queda de 3% na passagem do \u00faltimo trimestre de 2018 para o primeiro trimestre deste ano. Segundo o Instituto Brasileiro de Geografia e Estat\u00edstica (IBGE), \u00e9 a primeira vez na s\u00e9rie hist\u00f3rica (iniciada em 1997) que ocorre uma queda neste tipo de compara\u00e7\u00e3o.<\/p>\n<p>Apesar da queda em rela\u00e7\u00e3o ao \u00faltimo trimestre de 2018, a produ\u00e7\u00e3o de 908,43 milh\u00f5es de d\u00fazias do primeiro trimestre deste ano \u00e9 5,6% maior do que a registrada no mesmo per\u00edodo do ano passado.<\/p>\n<p>A aquisi\u00e7\u00e3o de leite (6,18 bilh\u00f5es de litros) tamb\u00e9m caiu em rela\u00e7\u00e3o ao \u00faltimo trimestre de 2018 (-7,8%) e cresceu na compara\u00e7\u00e3o com o primeiro trimestre daquele ano (2,8%). J\u00e1 a aquisi\u00e7\u00e3o de couro (8,37 milh\u00f5es de pe\u00e7as inteiras) caiu 6,9% em rela\u00e7\u00e3o ao \u00faltimo trimestre e 3,5% em rela\u00e7\u00e3o ao primeiro trimestre de 2018.<\/p>\n<h2>Abate<\/h2>\n<p>O abate de bovinos, que somou 7,77 milh\u00f5es de cabe\u00e7as no primeiro trimestre deste ano, caiu 4,6% em rela\u00e7\u00e3o ao \u00faltimo trimestre, mas cresceu 0,3% na compara\u00e7\u00e3o com o primeiro trimestre de 2018. O abate de su\u00ednos, que totalizou 11,27 milh\u00f5es de cabe\u00e7as, teve altas nos dois tipos de compara\u00e7\u00e3o: 0,7% em rela\u00e7\u00e3o ao \u00faltimo trimestre e 5,2% em rela\u00e7\u00e3o ao primeiro trimestre do ano passado.<\/p>\n<p>O abate de frangos (1,45 bilh\u00e3o de animais) teve aumento de 2,3% em rela\u00e7\u00e3o ao \u00faltimo trimestre de 2018, mas caiu 2% na compara\u00e7\u00e3o com o primeiro trimestre daquele ano.<\/p>\n<p>Fonte: Ag\u00eancia Brasil<\/p>\n","protected":false},"excerpt":{"rendered":"<p>A produ\u00e7\u00e3o nacional de ovos de galinha teve uma queda de 3% na passagem do \u00faltimo trimestre de 2018 para o primeiro trimestre deste ano. Segundo o Instituto Brasileiro de Geografia e Estat\u00edstica (IBGE), \u00e9 a primeira vez na s\u00e9rie hist\u00f3rica (iniciada em 1997) que ocorre uma queda neste tipo de compara\u00e7\u00e3o. Apesar da queda [&hellip;]<\/p>\n","protected":false},"author":96,"featured_media":140093,"comment_status":"closed","ping_status":"closed","sticky":false,"template":"","format":"standard","meta":{"footnotes":""},"categories":[436,261,439],"tags":[],"class_list":["post-140087","post","type-post","status-publish","format-standard","has-post-thumbnail","hentry","category-destaque-da-semana","category-economia","category-ultima-hora"],"_links":{"self":[{"href":"https:\/\/diarioregionaldigital.com.br\/index.php?rest_route=\/wp\/v2\/posts\/140087","targetHints":{"allow":["GET"]}}],"collection":[{"href":"https:\/\/diarioregionaldigital.com.br\/index.php?rest_route=\/wp\/v2\/posts"}],"about":[{"href":"https:\/\/diarioregionaldigital.com.br\/index.php?rest_route=\/wp\/v2\/types\/post"}],"author":[{"embeddable":true,"href":"https:\/\/diarioregionaldigital.com.br\/index.php?rest_route=\/wp\/v2\/users\/96"}],"replies":[{"embeddable":true,"href":"https:\/\/diarioregionaldigital.com.br\/index.php?rest_route=%2Fwp%2Fv2%2Fcomments&post=140087"}],"version-history":[{"count":0,"href":"https:\/\/diarioregionaldigital.com.br\/index.php?rest_route=\/wp\/v2\/posts\/140087\/revisions"}],"wp:featuredmedia":[{"embeddable":true,"href":"https:\/\/diarioregionaldigital.com.br\/index.php?rest_route=\/wp\/v2\/media\/140093"}],"wp:attachment":[{"href":"https:\/\/diarioregionaldigital.com.br\/index.php?rest_route=%2Fwp%2Fv2%2Fmedia&parent=140087"}],"wp:term":[{"taxonomy":"category","embeddable":true,"href":"https:\/\/diarioregionaldigital.com.br\/index.php?rest_route=%2Fwp%2Fv2%2Fcategories&post=140087"},{"taxonomy":"post_tag","embeddable":true,"href":"https:\/\/diarioregionaldigital.com.br\/index.php?rest_route=%2Fwp%2Fv2%2Ftags&post=140087"}],"curies":[{"name":"wp","href":"https:\/\/api.w.org\/{rel}","templated":true}]}}