{"id":140048,"date":"2019-05-09T06:32:36","date_gmt":"2019-05-09T09:32:36","guid":{"rendered":"https:\/\/diarioregionaldigital.com.br\/?p=140048"},"modified":"2019-05-13T18:34:52","modified_gmt":"2019-05-13T21:34:52","slug":"deputado-estadual-cumpre-agenda-em-juiz-de-fora","status":"publish","type":"post","link":"https:\/\/diarioregionaldigital.com.br\/?p=140048","title":{"rendered":"Deputado Estadual cumpre agenda em Juiz de Fora"},"content":{"rendered":"<p>Nesta quinta-feira, 9, o Deputado Estadual Bernardo Bartolomeo Moreira (NOVO), o Bart\u00f4, cumpre agenda em Juiz de Fora. O mineiro de Belo Horizonte foi eleito ao cargo em 2018 com 31.991 votos.<\/p>\n<p>\u00c0s 19h30, Bart\u00f4 realizar\u00e1 uma reuni\u00e3o com filiados do partido Novo. No dia seguinte, sexta-feira, 10, ele tomar\u00e1 caf\u00e9 da manh\u00e3 no Instituto C\u00e2ndido Tostes, \u00e0s 7h30, e \u00e0s 13h, ele almo\u00e7a e, posteriormente, realizar\u00e1 uma visita \u00e0 Penitenci\u00e1ria Professor Ariosvaldo de Campos Pires.<\/p>\n<p>Bart\u00f4 \u00e9 presidente da Comiss\u00e3o de Defesa do Consumidor e do Contribuinte, membro efetivo da Comiss\u00e3o de Educa\u00e7\u00e3o, \u00e9 membro suplente da Comiss\u00e3o Parlamentar de Inqu\u00e9rito (CPI) que investiga a trag\u00e9dia de Brumadinho e membro suplente Comiss\u00e3o de Seguran\u00e7a P\u00fablica.<\/p>\n","protected":false},"excerpt":{"rendered":"<p>Nesta quinta-feira, 9, o Deputado Estadual Bernardo Bartolomeo Moreira (NOVO), o Bart\u00f4, cumpre agenda em Juiz de Fora. O mineiro de Belo Horizonte foi eleito ao cargo em 2018 com 31.991 votos. \u00c0s 19h30, Bart\u00f4 realizar\u00e1 uma reuni\u00e3o com filiados do partido Novo. No dia seguinte, sexta-feira, 10, ele tomar\u00e1 caf\u00e9 da manh\u00e3 no Instituto [&hellip;]<\/p>\n","protected":false},"author":96,"featured_media":0,"comment_status":"closed","ping_status":"closed","sticky":false,"template":"","format":"standard","meta":{"footnotes":""},"categories":[436,254,439],"tags":[],"class_list":["post-140048","post","type-post","status-publish","format-standard","hentry","category-destaque-da-semana","category-politica","category-ultima-hora"],"_links":{"self":[{"href":"https:\/\/diarioregionaldigital.com.br\/index.php?rest_route=\/wp\/v2\/posts\/140048","targetHints":{"allow":["GET"]}}],"collection":[{"href":"https:\/\/diarioregionaldigital.com.br\/index.php?rest_route=\/wp\/v2\/posts"}],"about":[{"href":"https:\/\/diarioregionaldigital.com.br\/index.php?rest_route=\/wp\/v2\/types\/post"}],"author":[{"embeddable":true,"href":"https:\/\/diarioregionaldigital.com.br\/index.php?rest_route=\/wp\/v2\/users\/96"}],"replies":[{"embeddable":true,"href":"https:\/\/diarioregionaldigital.com.br\/index.php?rest_route=%2Fwp%2Fv2%2Fcomments&post=140048"}],"version-history":[{"count":0,"href":"https:\/\/diarioregionaldigital.com.br\/index.php?rest_route=\/wp\/v2\/posts\/140048\/revisions"}],"wp:attachment":[{"href":"https:\/\/diarioregionaldigital.com.br\/index.php?rest_route=%2Fwp%2Fv2%2Fmedia&parent=140048"}],"wp:term":[{"taxonomy":"category","embeddable":true,"href":"https:\/\/diarioregionaldigital.com.br\/index.php?rest_route=%2Fwp%2Fv2%2Fcategories&post=140048"},{"taxonomy":"post_tag","embeddable":true,"href":"https:\/\/diarioregionaldigital.com.br\/index.php?rest_route=%2Fwp%2Fv2%2Ftags&post=140048"}],"curies":[{"name":"wp","href":"https:\/\/api.w.org\/{rel}","templated":true}]}}