{"id":140000,"date":"2019-05-11T10:08:21","date_gmt":"2019-05-11T13:08:21","guid":{"rendered":"https:\/\/diarioregionaldigital.com.br\/?p=140000"},"modified":"2019-05-11T10:08:21","modified_gmt":"2019-05-11T13:08:21","slug":"diagnostico-de-cancer-em-ate-30-dias-pelo-sus-esta-na-pauta-do-plenario","status":"publish","type":"post","link":"https:\/\/diarioregionaldigital.com.br\/?p=140000","title":{"rendered":"Diagn\u00f3stico de c\u00e2ncer em at\u00e9 30 dias pelo SUS est\u00e1 na pauta do Plen\u00e1rio"},"content":{"rendered":"<p>Projeto de lei que garante aos pacientes do Sistema \u00danico de Sa\u00fade (SUS) com suspeita de c\u00e2ncer o direito a bi\u00f3psia no prazo m\u00e1ximo de 30 dias, contados a partir do pedido m\u00e9dico, \u00e9 uma das mat\u00e9rias da pauta de vota\u00e7\u00f5es do Plen\u00e1rio do Senado Federal na ter\u00e7a-feira (14), a partir das 14h. Se for aprovado, o projeto segue para san\u00e7\u00e3o presidencial. As vota\u00e7\u00f5es da semana ser\u00e3o conduzidas pelo senador Antonio Anastasia (PSDB-MG), 1\u00ba vice-presidente do Senado, j\u00e1 que o presidente da Casa, Davi Alcolumbre, cumpre\u00a0agenda nos Estados Unidos\u00a0de 13 a 15 de maio.<\/p>\n<p>Da deputada Carmen Zanotto (Cidadania-SC), o\u00a0PLC 143\/2018\u00a0determina que o limite de at\u00e9 30 dias valer\u00e1 para os exames necess\u00e1rios nos casos em que a neoplasia maligna (termo m\u00e9dico que se refere aos tumores cancer\u00edgenos) seja a principal hip\u00f3tese do m\u00e9dico.<\/p>\n<p>Se a proposta for aprovada, a mudan\u00e7a ser\u00e1 feita na lei que j\u00e1 estipula o in\u00edcio do tratamento pelo SUS em no m\u00e1ximo 60 dias a partir do diagn\u00f3stico do c\u00e2ncer (Lei 12.732, de 2012). O objetivo \u00e9 acelerar ainda mais o acesso a medica\u00e7\u00f5es e cirurgias necess\u00e1rias pelos pacientes. Zanotto avaliou que a falta de prazo tamb\u00e9m para os exames diagn\u00f3sticos \u00e9 uma lacuna na lei atual.<\/p>\n<p>Dados do Instituto Nacional de C\u00e2ncer (Inca) apontam que 300.140 novos casos foram registrados entre os homens e 282.450 entre as mulheres, somente em 2018. J\u00e1 os \u00faltimos dados de mortalidade por c\u00e2ncer dispon\u00edveis apontam para 107.470 homens e 90.228 mulheres no ano passado.<\/p>\n<h3><b>Precat\u00f3rios<\/b><\/h3>\n<p>Tamb\u00e9m pronto para ser votado est\u00e1 o\u00a0PLS 163\/2018-Complementar, que inclui os precat\u00f3rios entre as exce\u00e7\u00f5es de controle previstos na legisla\u00e7\u00e3o que trata de est\u00edmulos ao equil\u00edbrio fiscal de estados e do Distrito Federal (Lei Complementar\u00a0156\/2016). Essa norma concedeu prazo adicional de 240 meses para o pagamento de d\u00edvidas dos estados com a Uni\u00e3o, no intuito de atenuar os efeitos da crise fiscal.<\/p>\n<p>O projeto, do senador Jos\u00e9 Serra (PSDB-SP), inclui entre as exce\u00e7\u00f5es as despesas referentes aos precat\u00f3rios.<\/p>\n<h3><b>Tribunais de contas<\/b><\/h3>\n<p>Outra mat\u00e9ria que deve ser votada \u00e9 a Proposta de Emenda \u00e0 Constitui\u00e7\u00e3o (PEC)\u00a02\/2017, que pro\u00edbe a extin\u00e7\u00e3o dos tribunais de contas.\u00a0A proposta j\u00e1 foi aprovada em primeiro turno pelo Plen\u00e1rio. Se for confirmada em vota\u00e7\u00e3o em segundo turno, a PEC do ex-senador Eun\u00edcio Oliveira segue para an\u00e1lise da C\u00e2mara dos Deputados.<\/p>\n<p>Fonte: Ag\u00eancia Senado<\/p>\n","protected":false},"excerpt":{"rendered":"<p>Projeto de lei que garante aos pacientes do Sistema \u00danico de Sa\u00fade (SUS) com suspeita de c\u00e2ncer o direito a bi\u00f3psia no prazo m\u00e1ximo de 30 dias, contados a partir do pedido m\u00e9dico, \u00e9 uma das mat\u00e9rias da pauta de vota\u00e7\u00f5es do Plen\u00e1rio do Senado Federal na ter\u00e7a-feira (14), a partir das 14h. Se for [&hellip;]<\/p>\n","protected":false},"author":96,"featured_media":140001,"comment_status":"closed","ping_status":"closed","sticky":false,"template":"","format":"standard","meta":{"footnotes":""},"categories":[436,254,439],"tags":[],"class_list":["post-140000","post","type-post","status-publish","format-standard","has-post-thumbnail","hentry","category-destaque-da-semana","category-politica","category-ultima-hora"],"_links":{"self":[{"href":"https:\/\/diarioregionaldigital.com.br\/index.php?rest_route=\/wp\/v2\/posts\/140000","targetHints":{"allow":["GET"]}}],"collection":[{"href":"https:\/\/diarioregionaldigital.com.br\/index.php?rest_route=\/wp\/v2\/posts"}],"about":[{"href":"https:\/\/diarioregionaldigital.com.br\/index.php?rest_route=\/wp\/v2\/types\/post"}],"author":[{"embeddable":true,"href":"https:\/\/diarioregionaldigital.com.br\/index.php?rest_route=\/wp\/v2\/users\/96"}],"replies":[{"embeddable":true,"href":"https:\/\/diarioregionaldigital.com.br\/index.php?rest_route=%2Fwp%2Fv2%2Fcomments&post=140000"}],"version-history":[{"count":0,"href":"https:\/\/diarioregionaldigital.com.br\/index.php?rest_route=\/wp\/v2\/posts\/140000\/revisions"}],"wp:featuredmedia":[{"embeddable":true,"href":"https:\/\/diarioregionaldigital.com.br\/index.php?rest_route=\/wp\/v2\/media\/140001"}],"wp:attachment":[{"href":"https:\/\/diarioregionaldigital.com.br\/index.php?rest_route=%2Fwp%2Fv2%2Fmedia&parent=140000"}],"wp:term":[{"taxonomy":"category","embeddable":true,"href":"https:\/\/diarioregionaldigital.com.br\/index.php?rest_route=%2Fwp%2Fv2%2Fcategories&post=140000"},{"taxonomy":"post_tag","embeddable":true,"href":"https:\/\/diarioregionaldigital.com.br\/index.php?rest_route=%2Fwp%2Fv2%2Ftags&post=140000"}],"curies":[{"name":"wp","href":"https:\/\/api.w.org\/{rel}","templated":true}]}}