{"id":139991,"date":"2019-05-11T09:55:52","date_gmt":"2019-05-11T12:55:52","guid":{"rendered":"https:\/\/diarioregionaldigital.com.br\/?p=139991"},"modified":"2019-05-11T09:55:52","modified_gmt":"2019-05-11T12:55:52","slug":"com-funai-no-mj-damares-diz-que-continuara-trabalhando-com-indios","status":"publish","type":"post","link":"https:\/\/diarioregionaldigital.com.br\/?p=139991","title":{"rendered":"Com Funai no MJ, Damares diz que continuar\u00e1 trabalhando com \u00edndios"},"content":{"rendered":"<p>A ministra da Mulher, da Fam\u00edlia e dos Direitos Humanos, Damares Alves, n\u00e3o demonstrou preocupa\u00e7\u00e3o com a decis\u00e3o do Congresso de tirar a Funda\u00e7\u00e3o Nacional do \u00cdndio (Funai) da estrutura do seu minist\u00e9rio. Damares disse que conversar\u00e1 com o ministro da Justi\u00e7a, Sergio Moro, sobre a Funai e que seu minist\u00e9rio continuar\u00e1 tratando das quest\u00f5es ind\u00edgenas.<\/p>\n<p>\u201cEsse governo traz uma diferen\u00e7a. Ele trabalha com a transversalidade dos temas. Mesmo a Funai indo para a Justi\u00e7a, esse minist\u00e9rio vai trabalhar com a pol\u00edtica indigenista do mesmo jeito\u201d, disse a ministra ap\u00f3s evento de lan\u00e7amento da vers\u00e3o atualizada do Estatuto da Crian\u00e7a e do Adolescente (ECA). A ministra diz que est\u00e1 tranquila, mesmo que a Funai v\u00e1 para o Minist\u00e9rio da Justi\u00e7a, porque seu minist\u00e9rio continuar\u00e1 cuidando de ind\u00edgenas crian\u00e7as, idosos e com defici\u00eancia.<\/p>\n<p>A comiss\u00e3o especial mista que analisa a Medida Provis\u00f3ria da Reforma Administrativa\u00a0decidiu devolver\u00a0a Funai para o Minist\u00e9rio da Justi\u00e7a e Seguran\u00e7a P\u00fablica (MJ). Al\u00e9m disso, parlamentares decidiram que a demarca\u00e7\u00e3o de terras ind\u00edgenas dever\u00e1 voltar a ser atribui\u00e7\u00e3o da funda\u00e7\u00e3o. Desde o in\u00edcio do governo Bolsonaro que a responsabilidade pela demarca\u00e7\u00e3o de terras ind\u00edgenas est\u00e1 com o Minist\u00e9rio da Agricultura. Essa e outras altera\u00e7\u00f5es, por\u00e9m, ainda dever\u00e3o ser confirmadas por deputados e senadores em plen\u00e1rio.<\/p>\n<p>Fonte: Ag\u00eancia Brasil<\/p>\n","protected":false},"excerpt":{"rendered":"<p>A ministra da Mulher, da Fam\u00edlia e dos Direitos Humanos, Damares Alves, n\u00e3o demonstrou preocupa\u00e7\u00e3o com a decis\u00e3o do Congresso de tirar a Funda\u00e7\u00e3o Nacional do \u00cdndio (Funai) da estrutura do seu minist\u00e9rio. Damares disse que conversar\u00e1 com o ministro da Justi\u00e7a, Sergio Moro, sobre a Funai e que seu minist\u00e9rio continuar\u00e1 tratando das quest\u00f5es [&hellip;]<\/p>\n","protected":false},"author":96,"featured_media":139992,"comment_status":"closed","ping_status":"closed","sticky":false,"template":"","format":"standard","meta":{"footnotes":""},"categories":[436,254,439],"tags":[],"class_list":["post-139991","post","type-post","status-publish","format-standard","has-post-thumbnail","hentry","category-destaque-da-semana","category-politica","category-ultima-hora"],"_links":{"self":[{"href":"https:\/\/diarioregionaldigital.com.br\/index.php?rest_route=\/wp\/v2\/posts\/139991","targetHints":{"allow":["GET"]}}],"collection":[{"href":"https:\/\/diarioregionaldigital.com.br\/index.php?rest_route=\/wp\/v2\/posts"}],"about":[{"href":"https:\/\/diarioregionaldigital.com.br\/index.php?rest_route=\/wp\/v2\/types\/post"}],"author":[{"embeddable":true,"href":"https:\/\/diarioregionaldigital.com.br\/index.php?rest_route=\/wp\/v2\/users\/96"}],"replies":[{"embeddable":true,"href":"https:\/\/diarioregionaldigital.com.br\/index.php?rest_route=%2Fwp%2Fv2%2Fcomments&post=139991"}],"version-history":[{"count":0,"href":"https:\/\/diarioregionaldigital.com.br\/index.php?rest_route=\/wp\/v2\/posts\/139991\/revisions"}],"wp:featuredmedia":[{"embeddable":true,"href":"https:\/\/diarioregionaldigital.com.br\/index.php?rest_route=\/wp\/v2\/media\/139992"}],"wp:attachment":[{"href":"https:\/\/diarioregionaldigital.com.br\/index.php?rest_route=%2Fwp%2Fv2%2Fmedia&parent=139991"}],"wp:term":[{"taxonomy":"category","embeddable":true,"href":"https:\/\/diarioregionaldigital.com.br\/index.php?rest_route=%2Fwp%2Fv2%2Fcategories&post=139991"},{"taxonomy":"post_tag","embeddable":true,"href":"https:\/\/diarioregionaldigital.com.br\/index.php?rest_route=%2Fwp%2Fv2%2Ftags&post=139991"}],"curies":[{"name":"wp","href":"https:\/\/api.w.org\/{rel}","templated":true}]}}