{"id":139988,"date":"2019-05-11T09:03:43","date_gmt":"2019-05-11T12:03:43","guid":{"rendered":"https:\/\/diarioregionaldigital.com.br\/?p=139988"},"modified":"2019-05-11T09:03:43","modified_gmt":"2019-05-11T12:03:43","slug":"procon-jf-atende-bairro-borboleta","status":"publish","type":"post","link":"https:\/\/diarioregionaldigital.com.br\/?p=139988","title":{"rendered":"Procon\/JF atende Bairro Borboleta"},"content":{"rendered":"<p>Moradores do Borboleta e de bairros vizinhos v\u00e3o poder contar com os servi\u00e7os oferecidos pelo Procon M\u00f3vel na segunda-feira, 13, das 13 \u00e0s 17 horas. A a\u00e7\u00e3o, realizada pela Ag\u00eancia de Prote\u00e7\u00e3o e Defesa do Consumidor (Procon\/JF) da Prefeitura de Juiz de Fora (PJF), acontecer\u00e1 em frente \u00e0 igreja S\u00e3o Vicente de Paula, no cruzamento das ruas Irm\u00e3o Menrado e Tenente Paulo Maria Delage, Bairro Borboleta.<\/p>\n<p>Os consumidores poder\u00e3o tirar d\u00favidas, receber orienta\u00e7\u00f5es e, se necess\u00e1rio, registrar reclama\u00e7\u00f5es referentes \u00e0 compra de produtos ou aquisi\u00e7\u00e3o de servi\u00e7os. O objetivo \u00e9 promover conhecimento sobre os direitos dos consumidores, bem como a educa\u00e7\u00e3o para o consumo.<\/p>\n<p>Para registrar reclama\u00e7\u00e3o, o consumidor dever\u00e1 apresentar os documentos de identidade e cadastro de pessoa f\u00edsica \u2013 CPF, al\u00e9m de c\u00f3pia de documentos referentes ao problema, como contratos, recibos, nota fiscal, n\u00fameros de protocolo de reclama\u00e7\u00f5es feitas nos servi\u00e7os de atendimento ao consumidor (SACs) das empresas, dentre outros.<\/p>\n<p>Caso a quest\u00e3o n\u00e3o seja resolvida no contato com o fornecedor, uma Carta de Investiga\u00e7\u00e3o Preliminar (CIP) ser\u00e1 direcionada \u00e0 empresa, que ter\u00e1 prazo de at\u00e9 15 dias para solucionar o problema. Se ainda assim a reclama\u00e7\u00e3o n\u00e3o for conclu\u00edda, a equipe do Procon M\u00f3vel entrar\u00e1 em contato com o consumidor para agendar uma audi\u00eancia de concilia\u00e7\u00e3o na regional mais pr\u00f3xima da resid\u00eancia do reclamante.<\/p>\n<p>Informa\u00e7\u00f5es e orienta\u00e7\u00f5es sobre os direitos do consumidor podem ser solicitadas pelos telefones 3690-7610 e 3690-7611, ou na sede da ag\u00eancia, na Avenida Presidente Itamar Franco, 992, Centro, de segunda a sexta-feira, das 8h30 \u00e0s 17h30.<\/p>\n<p>Fonte: PJF<\/p>\n","protected":false},"excerpt":{"rendered":"<p>Moradores do Borboleta e de bairros vizinhos v\u00e3o poder contar com os servi\u00e7os oferecidos pelo Procon M\u00f3vel na segunda-feira, 13, das 13 \u00e0s 17 horas. A a\u00e7\u00e3o, realizada pela Ag\u00eancia de Prote\u00e7\u00e3o e Defesa do Consumidor (Procon\/JF) da Prefeitura de Juiz de Fora (PJF), acontecer\u00e1 em frente \u00e0 igreja S\u00e3o Vicente de Paula, no cruzamento [&hellip;]<\/p>\n","protected":false},"author":96,"featured_media":139989,"comment_status":"closed","ping_status":"closed","sticky":false,"template":"","format":"standard","meta":{"footnotes":""},"categories":[253,436,439],"tags":[],"class_list":["post-139988","post","type-post","status-publish","format-standard","has-post-thumbnail","hentry","category-cidade","category-destaque-da-semana","category-ultima-hora"],"_links":{"self":[{"href":"https:\/\/diarioregionaldigital.com.br\/index.php?rest_route=\/wp\/v2\/posts\/139988","targetHints":{"allow":["GET"]}}],"collection":[{"href":"https:\/\/diarioregionaldigital.com.br\/index.php?rest_route=\/wp\/v2\/posts"}],"about":[{"href":"https:\/\/diarioregionaldigital.com.br\/index.php?rest_route=\/wp\/v2\/types\/post"}],"author":[{"embeddable":true,"href":"https:\/\/diarioregionaldigital.com.br\/index.php?rest_route=\/wp\/v2\/users\/96"}],"replies":[{"embeddable":true,"href":"https:\/\/diarioregionaldigital.com.br\/index.php?rest_route=%2Fwp%2Fv2%2Fcomments&post=139988"}],"version-history":[{"count":0,"href":"https:\/\/diarioregionaldigital.com.br\/index.php?rest_route=\/wp\/v2\/posts\/139988\/revisions"}],"wp:featuredmedia":[{"embeddable":true,"href":"https:\/\/diarioregionaldigital.com.br\/index.php?rest_route=\/wp\/v2\/media\/139989"}],"wp:attachment":[{"href":"https:\/\/diarioregionaldigital.com.br\/index.php?rest_route=%2Fwp%2Fv2%2Fmedia&parent=139988"}],"wp:term":[{"taxonomy":"category","embeddable":true,"href":"https:\/\/diarioregionaldigital.com.br\/index.php?rest_route=%2Fwp%2Fv2%2Fcategories&post=139988"},{"taxonomy":"post_tag","embeddable":true,"href":"https:\/\/diarioregionaldigital.com.br\/index.php?rest_route=%2Fwp%2Fv2%2Ftags&post=139988"}],"curies":[{"name":"wp","href":"https:\/\/api.w.org\/{rel}","templated":true}]}}