{"id":139980,"date":"2019-05-11T08:16:31","date_gmt":"2019-05-11T11:16:31","guid":{"rendered":"https:\/\/diarioregionaldigital.com.br\/?p=139980"},"modified":"2019-05-11T08:16:31","modified_gmt":"2019-05-11T11:16:31","slug":"ministerio-estuda-medidas-para-aumentar-rentabilidade-do-fgts","status":"publish","type":"post","link":"https:\/\/diarioregionaldigital.com.br\/?p=139980","title":{"rendered":"Minist\u00e9rio estuda medidas para aumentar rentabilidade do FGTS"},"content":{"rendered":"<p>A Secretaria Especial de Fazenda do Minist\u00e9rio da Economia confirmou nessa sexta-feira (10) \u00e0 tarde que promove estudos para melhorar a gest\u00e3o do Fundo de Garantia do Tempo de Servi\u00e7o (FGTS) e aumentar a rentabilidade para o trabalhador. Segundo a pasta, no entanto, as discuss\u00f5es est\u00e3o em fase inicial e ser\u00e3o acompanhadas pela sociedade e pelo Congresso Nacional com total transpar\u00eancia.<\/p>\n<p>\u201cA Secretaria Especial de Fazenda informa que est\u00e3o sendo realizados estudos para aprimoramento da gest\u00e3o do Fundo de Garantia por Tempo de Servi\u00e7o, com o objetivo de melhorar a sua rentabilidade para o trabalhador. Esse projeto ainda est\u00e1 em fase inicial e todo o processo ser\u00e1 conduzido com total transpar\u00eancia e em di\u00e1logo com o Congresso Nacional e demais agentes econ\u00f4micos envolvidos, respeitando os contratos firmados e a fun\u00e7\u00e3o social do fundo\u201d, informou o \u00f3rg\u00e3o.<\/p>\n<p>Atualmente, o FGTS rende o equivalente \u00e0 taxa referencial (TR) mais 3% ao ano. Desde 2018, o fundo tamb\u00e9m distribui metade do lucro l\u00edquido do ano anterior a todos os trabalhadores. Apesar da distribui\u00e7\u00e3o do lucro, o rendimento \u00e9 inferior \u00e0 infla\u00e7\u00e3o. Segundo o Instituto Brasileiro de Geografia e Estat\u00edstica (IBGE), o \u00cdndice Nacional de Pre\u00e7os ao Consumidor (IPCA) registrou\u00a0infla\u00e7\u00e3o acumulada de 4,94% nos 12 \u00faltimos meses\u00a0terminados em abril.<\/p>\n<p><span id=\"OBJ_PREFIX_DWT4126_com_zimbra_date\" role=\"link\">Hoje<\/span>, em entrevista coletiva no Rio<span id=\"OBJ_PREFIX_DWT4127_com_zimbra_date\" role=\"link\">\u00a0de Janeiro<\/span>, o secret\u00e1rio especial de Fazenda, Waldery Rodrigues, disse que o rendimento do FGTS equivale a um imposto cobrado do trabalhador, por ser inferior \u00e0 infla\u00e7\u00e3o. Ele tamb\u00e9m falou que o governo estuda forma de flexibilizar o saque do fundo, mas que isso exigiria mudan\u00e7as na lei e di\u00e1logo com o Congresso.<\/p>\n<p>Atualmente, o FGTS tem um patrim\u00f4nio de R$ 525 bilh\u00f5es. Em 2016, o governo do ex-presidente Michel Temer liberou o saque em contas inativas (que n\u00e3o recebem mais dep\u00f3sitos do FGTS) para cerca de 26 milh\u00f5es de trabalhadores. Na \u00e9poca, a medida injetou R$ 44 bilh\u00f5es na economia.<\/p>\n<p>Formado por 8% do sal\u00e1rio bruto do trabalhador depositados m\u00eas a m\u00eas pelo empregador, o FGTS s\u00f3 pode ser sacado nas seguintes situa\u00e7\u00f5es: aposentadoria, compra da casa pr\u00f3pria e demiss\u00e3o sem justa causa. Em caso de algumas doen\u00e7as graves, como c\u00e2ncer, o dinheiro tamb\u00e9m pode ser sacado pelo empregado.<\/p>\n<p>Fonte: Ag\u00eancia Brasil<\/p>\n","protected":false},"excerpt":{"rendered":"<p>A Secretaria Especial de Fazenda do Minist\u00e9rio da Economia confirmou nessa sexta-feira (10) \u00e0 tarde que promove estudos para melhorar a gest\u00e3o do Fundo de Garantia do Tempo de Servi\u00e7o (FGTS) e aumentar a rentabilidade para o trabalhador. Segundo a pasta, no entanto, as discuss\u00f5es est\u00e3o em fase inicial e ser\u00e3o acompanhadas pela sociedade e [&hellip;]<\/p>\n","protected":false},"author":96,"featured_media":105072,"comment_status":"closed","ping_status":"closed","sticky":false,"template":"","format":"standard","meta":{"footnotes":""},"categories":[436,261,439],"tags":[],"class_list":["post-139980","post","type-post","status-publish","format-standard","has-post-thumbnail","hentry","category-destaque-da-semana","category-economia","category-ultima-hora"],"_links":{"self":[{"href":"https:\/\/diarioregionaldigital.com.br\/index.php?rest_route=\/wp\/v2\/posts\/139980","targetHints":{"allow":["GET"]}}],"collection":[{"href":"https:\/\/diarioregionaldigital.com.br\/index.php?rest_route=\/wp\/v2\/posts"}],"about":[{"href":"https:\/\/diarioregionaldigital.com.br\/index.php?rest_route=\/wp\/v2\/types\/post"}],"author":[{"embeddable":true,"href":"https:\/\/diarioregionaldigital.com.br\/index.php?rest_route=\/wp\/v2\/users\/96"}],"replies":[{"embeddable":true,"href":"https:\/\/diarioregionaldigital.com.br\/index.php?rest_route=%2Fwp%2Fv2%2Fcomments&post=139980"}],"version-history":[{"count":0,"href":"https:\/\/diarioregionaldigital.com.br\/index.php?rest_route=\/wp\/v2\/posts\/139980\/revisions"}],"wp:featuredmedia":[{"embeddable":true,"href":"https:\/\/diarioregionaldigital.com.br\/index.php?rest_route=\/wp\/v2\/media\/105072"}],"wp:attachment":[{"href":"https:\/\/diarioregionaldigital.com.br\/index.php?rest_route=%2Fwp%2Fv2%2Fmedia&parent=139980"}],"wp:term":[{"taxonomy":"category","embeddable":true,"href":"https:\/\/diarioregionaldigital.com.br\/index.php?rest_route=%2Fwp%2Fv2%2Fcategories&post=139980"},{"taxonomy":"post_tag","embeddable":true,"href":"https:\/\/diarioregionaldigital.com.br\/index.php?rest_route=%2Fwp%2Fv2%2Ftags&post=139980"}],"curies":[{"name":"wp","href":"https:\/\/api.w.org\/{rel}","templated":true}]}}