{"id":139977,"date":"2019-05-11T08:12:26","date_gmt":"2019-05-11T11:12:26","guid":{"rendered":"https:\/\/diarioregionaldigital.com.br\/?p=139977"},"modified":"2019-05-11T08:12:26","modified_gmt":"2019-05-11T11:12:26","slug":"mais-de-2-milhoes-ainda-nao-sacaram-abono-salarial-ano-base-2017","status":"publish","type":"post","link":"https:\/\/diarioregionaldigital.com.br\/?p=139977","title":{"rendered":"Mais de 2 milh\u00f5es ainda n\u00e3o sacaram abono salarial ano-base 2017"},"content":{"rendered":"<p>A menos de dois meses para o fim do prazo, cerca de 2,34 milh\u00f5es de trabalhadores que recebem at\u00e9 dois sal\u00e1rios m\u00ednimos n\u00e3o sacaram o abono salarial ano-base de 2017. O prazo para a retirada acaba em\u00a0<span id=\"OBJ_PREFIX_DWT6754_com_zimbra_date\" role=\"link\"><span id=\"OBJ_PREFIX_DWT6756_com_zimbra_date\" role=\"link\">28 de junho<\/span><\/span>.<\/p>\n<p>Segundo a Secretaria Especial de Previd\u00eancia e Trabalho do Minist\u00e9rio da Economia, o montante ainda n\u00e3o sacado soma\u00a0R$ 1,53 bilh\u00e3o. Os trabalhadores que n\u00e3o retiraram o benef\u00edcio equivalem a 9,49% do total.<\/p>\n<p>A maior parte dos benef\u00edcios n\u00e3o sacados est\u00e1 na Regi\u00e3o Nordeste, onde 642.074 trabalhadores ainda n\u00e3o retiraram o abono. No entanto, o estado com o maior volume de esquecimentos \u00e9 o Rio Grande do Sul, com 584,1 mil benef\u00edcios n\u00e3o retirados.<\/p>\n<p>Tem direito ao abono salarial quem estava inscrito no Programa de Integra\u00e7\u00e3o Social (PIS) ou no Programa de Forma\u00e7\u00e3o do Patrim\u00f4nio do Servidor P\u00fablico (Pasep) h\u00e1 pelo menos cinco anos e trabalhou com carteira assinada por pelo menos 30 dias em 2017, recebendo at\u00e9 dois sal\u00e1rios m\u00ednimos. Al\u00e9m disso, \u00e9 preciso que os dados do trabalhador tenham sido informados corretamente pelo empregador na Rela\u00e7\u00e3o Anual de Informa\u00e7\u00f5es Sociais (Rais).<\/p>\n<p>Os empregados da iniciativa privada sacam o abono do PIS nas ag\u00eancias da Caixa Econ\u00f4mica Federal. Os servidores p\u00fablicos e empregados de estatais devem fazer a retirada em qualquer ag\u00eancia do Banco do Brasil. O abono salarial ano-base 2017 come\u00e7ou a ser pago em\u00a0<span id=\"OBJ_PREFIX_DWT6755_com_zimbra_date\" role=\"link\"><span id=\"OBJ_PREFIX_DWT6757_com_zimbra_date\" role=\"link\">26 de julho<\/span><\/span>\u00a0de 2018.<\/p>\n<p>O valor a que cada pessoa tem direito depende do tempo trabalhado formalmente no ano-base. Quem trabalhou por apenas 30 dias em 2017 pode sacar o valor m\u00ednimo, que \u00e9 de R$ 84,\u00a0o equivalente a 1\/12 do sal\u00e1rio m\u00ednimo. A quantia sobe 1\/12 por m\u00eas trabalhado at\u00e9 atingir um sal\u00e1rio m\u00ednimo (R$ 998), para quem trabalhou durante todo o ano.<\/p>\n<p>O trabalhador que n\u00e3o fizer o saque no prazo estabelecido \u2013 at\u00e9 28 de junho, dever\u00e1\u00a0 buscar orienta\u00e7\u00f5es em uma das unidades de atendimento da Secretaria de Trabalho ou entrar em contato com a Central de Atendimento 158 para se informar sobre como proceder.<\/p>\n<p>Fonte: Ag\u00eancia Brasil<\/p>\n","protected":false},"excerpt":{"rendered":"<p>A menos de dois meses para o fim do prazo, cerca de 2,34 milh\u00f5es de trabalhadores que recebem at\u00e9 dois sal\u00e1rios m\u00ednimos n\u00e3o sacaram o abono salarial ano-base de 2017. O prazo para a retirada acaba em\u00a028 de junho. Segundo a Secretaria Especial de Previd\u00eancia e Trabalho do Minist\u00e9rio da Economia, o montante ainda n\u00e3o [&hellip;]<\/p>\n","protected":false},"author":96,"featured_media":139978,"comment_status":"closed","ping_status":"closed","sticky":false,"template":"","format":"standard","meta":{"footnotes":""},"categories":[436,261,439],"tags":[],"class_list":["post-139977","post","type-post","status-publish","format-standard","has-post-thumbnail","hentry","category-destaque-da-semana","category-economia","category-ultima-hora"],"_links":{"self":[{"href":"https:\/\/diarioregionaldigital.com.br\/index.php?rest_route=\/wp\/v2\/posts\/139977","targetHints":{"allow":["GET"]}}],"collection":[{"href":"https:\/\/diarioregionaldigital.com.br\/index.php?rest_route=\/wp\/v2\/posts"}],"about":[{"href":"https:\/\/diarioregionaldigital.com.br\/index.php?rest_route=\/wp\/v2\/types\/post"}],"author":[{"embeddable":true,"href":"https:\/\/diarioregionaldigital.com.br\/index.php?rest_route=\/wp\/v2\/users\/96"}],"replies":[{"embeddable":true,"href":"https:\/\/diarioregionaldigital.com.br\/index.php?rest_route=%2Fwp%2Fv2%2Fcomments&post=139977"}],"version-history":[{"count":0,"href":"https:\/\/diarioregionaldigital.com.br\/index.php?rest_route=\/wp\/v2\/posts\/139977\/revisions"}],"wp:featuredmedia":[{"embeddable":true,"href":"https:\/\/diarioregionaldigital.com.br\/index.php?rest_route=\/wp\/v2\/media\/139978"}],"wp:attachment":[{"href":"https:\/\/diarioregionaldigital.com.br\/index.php?rest_route=%2Fwp%2Fv2%2Fmedia&parent=139977"}],"wp:term":[{"taxonomy":"category","embeddable":true,"href":"https:\/\/diarioregionaldigital.com.br\/index.php?rest_route=%2Fwp%2Fv2%2Fcategories&post=139977"},{"taxonomy":"post_tag","embeddable":true,"href":"https:\/\/diarioregionaldigital.com.br\/index.php?rest_route=%2Fwp%2Fv2%2Ftags&post=139977"}],"curies":[{"name":"wp","href":"https:\/\/api.w.org\/{rel}","templated":true}]}}