{"id":139972,"date":"2019-05-11T08:01:48","date_gmt":"2019-05-11T11:01:48","guid":{"rendered":"https:\/\/diarioregionaldigital.com.br\/?p=139972"},"modified":"2019-05-11T08:01:48","modified_gmt":"2019-05-11T11:01:48","slug":"governo-lanca-nova-versao-do-estatuto-da-crianca-e-do-adolescente","status":"publish","type":"post","link":"https:\/\/diarioregionaldigital.com.br\/?p=139972","title":{"rendered":"Governo lan\u00e7a nova vers\u00e3o do Estatuto da Crian\u00e7a e do Adolescente"},"content":{"rendered":"<p>O Minist\u00e9rio da Mulher, da Fam\u00edlia e dos Direitos Humanos lan\u00e7ou na tarde de na sexta-feira, (10) uma nova vers\u00e3o do Estatuto da Crian\u00e7a e do Adolescente (ECA). No evento de lan\u00e7amento, a ministra Damares Alves disse que \u00e9 urgente a necessidade de um pacto pelas crian\u00e7as.<\/p>\n<p>\u201cO tema crian\u00e7a tem que estar o tempo todo na pauta. A inf\u00e2ncia tem que estar na pauta do Congresso, do Judici\u00e1rio, do Executivo, da imprensa. Precisamos dar uma aten\u00e7\u00e3o \u00e0 inf\u00e2ncia como nunca. Urge a necessidade de um pacto pelas crian\u00e7as no Brasil\u201d.<\/p>\n<p>A nova vers\u00e3o do ECA institui a Semana Nacional de Preven\u00e7\u00e3o da Gravidez na Adolesc\u00eancia, a acontecer sempre na semana do dia 1\u00ba de fevereiro. O novo estatuto tamb\u00e9m institui a Pol\u00edtica Nacional de Busca de Pessoas Desaparecidas e cria o Cadastro Nacional de Pessoas Desaparecidas. Dentro dessa pol\u00edtica, est\u00e1 a proibi\u00e7\u00e3o de crian\u00e7as ou adolescentes menores de 16 anos de viajar desacompanhado.<\/p>\n<p>\u201cAgora s\u00f3 pode viajar acompanhado ou com autoriza\u00e7\u00e3o. N\u00e3o estamos retrocedendo, estamos protegendo as crian\u00e7as. Vamos nos unir em defesa da inf\u00e2ncia\u201d, defendeu Damares. A ministra tamb\u00e9m destacou a cria\u00e7\u00e3o do cadastro para agilizar a busca de desaparecidos.<\/p>\n<p>\u201cVamos trazer tecnologias avan\u00e7adas na busca das crian\u00e7as desaparecidas. E vamos entender o n\u00famero, porque vamos ter um cadastro nacional. Ent\u00e3o, o cadastro nacional vai nos dar a oportunidade de conhecer quantas s\u00e3o e trabalhar com tecnologia de busca com a pol\u00edcia, com as redes sociais.<\/p>\n<p>Para a secret\u00e1ria nacional dos Direitos da Crian\u00e7a e do Adolescente, Petr\u00facia Melo, a pasta precisa de recursos para garantir a prote\u00e7\u00e3o das crian\u00e7as. \u201cS\u00e3o muitos desafios que est\u00e3o aqui. Para efetivar a pol\u00edtica p\u00fablica precisamos de recursos. E estamos mobilizados a levantar esses recursos para garantir que crian\u00e7as e adolescentes tenham direitos, que elas possam ter uma vida tranquila\u201d.<\/p>\n<p>Fonte: Ag\u00eancia Brasil<\/p>\n","protected":false},"excerpt":{"rendered":"<p>O Minist\u00e9rio da Mulher, da Fam\u00edlia e dos Direitos Humanos lan\u00e7ou na tarde de na sexta-feira, (10) uma nova vers\u00e3o do Estatuto da Crian\u00e7a e do Adolescente (ECA). No evento de lan\u00e7amento, a ministra Damares Alves disse que \u00e9 urgente a necessidade de um pacto pelas crian\u00e7as. \u201cO tema crian\u00e7a tem que estar o tempo [&hellip;]<\/p>\n","protected":false},"author":96,"featured_media":139973,"comment_status":"closed","ping_status":"closed","sticky":false,"template":"","format":"standard","meta":{"footnotes":""},"categories":[436,254,439],"tags":[],"class_list":["post-139972","post","type-post","status-publish","format-standard","has-post-thumbnail","hentry","category-destaque-da-semana","category-politica","category-ultima-hora"],"_links":{"self":[{"href":"https:\/\/diarioregionaldigital.com.br\/index.php?rest_route=\/wp\/v2\/posts\/139972","targetHints":{"allow":["GET"]}}],"collection":[{"href":"https:\/\/diarioregionaldigital.com.br\/index.php?rest_route=\/wp\/v2\/posts"}],"about":[{"href":"https:\/\/diarioregionaldigital.com.br\/index.php?rest_route=\/wp\/v2\/types\/post"}],"author":[{"embeddable":true,"href":"https:\/\/diarioregionaldigital.com.br\/index.php?rest_route=\/wp\/v2\/users\/96"}],"replies":[{"embeddable":true,"href":"https:\/\/diarioregionaldigital.com.br\/index.php?rest_route=%2Fwp%2Fv2%2Fcomments&post=139972"}],"version-history":[{"count":0,"href":"https:\/\/diarioregionaldigital.com.br\/index.php?rest_route=\/wp\/v2\/posts\/139972\/revisions"}],"wp:featuredmedia":[{"embeddable":true,"href":"https:\/\/diarioregionaldigital.com.br\/index.php?rest_route=\/wp\/v2\/media\/139973"}],"wp:attachment":[{"href":"https:\/\/diarioregionaldigital.com.br\/index.php?rest_route=%2Fwp%2Fv2%2Fmedia&parent=139972"}],"wp:term":[{"taxonomy":"category","embeddable":true,"href":"https:\/\/diarioregionaldigital.com.br\/index.php?rest_route=%2Fwp%2Fv2%2Fcategories&post=139972"},{"taxonomy":"post_tag","embeddable":true,"href":"https:\/\/diarioregionaldigital.com.br\/index.php?rest_route=%2Fwp%2Fv2%2Ftags&post=139972"}],"curies":[{"name":"wp","href":"https:\/\/api.w.org\/{rel}","templated":true}]}}