{"id":139969,"date":"2019-05-11T07:59:25","date_gmt":"2019-05-11T10:59:25","guid":{"rendered":"https:\/\/diarioregionaldigital.com.br\/?p=139969"},"modified":"2019-05-11T07:59:25","modified_gmt":"2019-05-11T10:59:25","slug":"jogadora-marta-se-torna-defensora-de-metas-das-nacoes-unidas","status":"publish","type":"post","link":"https:\/\/diarioregionaldigital.com.br\/?p=139969","title":{"rendered":"Jogadora Marta se torna defensora de metas das Na\u00e7\u00f5es Unidas"},"content":{"rendered":"<p>A jogadora Marta Vieira da Silva, estrela de futebol brasileira, passou a fazer parte do grupo de 17 defensores dos Objetivos de Desenvolvimento Sustent\u00e1vel (ODSs) das Na\u00e7\u00f5es Unidas. A lista inclui empres\u00e1rios, artistas, pol\u00edticos e ativistas de renome internacional.<\/p>\n<p>Em nota, a atleta \u00a0brasileira disse que \u201co esporte \u00e9 uma ferramenta fant\u00e1stica para o empoderamento.\u201d Segundo ela, \u201catrav\u00e9s do esporte, mulheres e meninas podem desafiar normas socioculturais e estere\u00f3tipos de g\u00eanero e aumentar sua autoestima.\u201d<\/p>\n<p>O novo grupo dos 17 defensores dos ODSs foi anunciado nesta semana pelo secret\u00e1rio-geral da ONU, Ant\u00f3nio Guterres.\u202f\u202fOs Estados-membros das Na\u00e7\u00f5es Unidas t\u00eam os pr\u00f3ximos 11 anos para alcan\u00e7ar as metas da Agenda 2030 da organiza\u00e7\u00e3o.<\/p>\n<h2>Renova\u00e7\u00e3o e empoderamento<\/h2>\n<p>Guterres renovou a nomea\u00e7\u00e3o de 11 defensores, como o da mo\u00e7ambicana Graca Machel, e apontou seis novas personalidades, como a jogadora Marta. Ela j\u00e1 era embaixadora da Boa Vontade da ONU Mulheres, e portanto uma defensora da igualdade de g\u00eanero, que \u00e9 o Objetivo de Desenvolvimento Sustent\u00e1vel n\u00famero 5.<\/p>\n<p>Em nota, o gabinete do secret\u00e1rio-geral disse que \u201cos princ\u00edpios que est\u00e3o no centro dos ODSs s\u00e3o tamb\u00e9m os que impulsionam a nova classe de defensores.\u201d Segundo a mesma nota, estas 17 personalidades \u201cest\u00e3o empenhadas\u201d e pretendem \u201cinspirar uma maior ambi\u00e7\u00e3o e pressionar para conseguir uma a\u00e7\u00e3o mais r\u00e1pida.\u201d<\/p>\n<p>O secret\u00e1rio-geral afirmou ainda que o mundo tem \u201cas ferramentas para responder \u00e0s quest\u00f5es colocadas pelas mudan\u00e7as clim\u00e1ticas, press\u00e3o ambiental, pobreza e desigualdade\u201d, mas \u201cas ferramentas n\u00e3o s\u00e3o \u00fateis se n\u00e3o forem usadas.\u201d<\/p>\n<p>Guterres afirmou que o seu apelo, hoje e todos os dias, \u201c\u00e9 claro e simples: \u00e9 preciso mais a\u00e7\u00e3o, mais ambi\u00e7\u00e3o e mais vontade pol\u00edtica.\u201d<\/p>\n<p>Fonte: Ag\u00eancia Brasil<\/p>\n","protected":false},"excerpt":{"rendered":"<p>A jogadora Marta Vieira da Silva, estrela de futebol brasileira, passou a fazer parte do grupo de 17 defensores dos Objetivos de Desenvolvimento Sustent\u00e1vel (ODSs) das Na\u00e7\u00f5es Unidas. A lista inclui empres\u00e1rios, artistas, pol\u00edticos e ativistas de renome internacional. Em nota, a atleta \u00a0brasileira disse que \u201co esporte \u00e9 uma ferramenta fant\u00e1stica para o empoderamento.\u201d [&hellip;]<\/p>\n","protected":false},"author":96,"featured_media":139970,"comment_status":"closed","ping_status":"closed","sticky":false,"template":"","format":"standard","meta":{"footnotes":""},"categories":[302,436,439],"tags":[],"class_list":["post-139969","post","type-post","status-publish","format-standard","has-post-thumbnail","hentry","category-brasil-mundo","category-destaque-da-semana","category-ultima-hora"],"_links":{"self":[{"href":"https:\/\/diarioregionaldigital.com.br\/index.php?rest_route=\/wp\/v2\/posts\/139969","targetHints":{"allow":["GET"]}}],"collection":[{"href":"https:\/\/diarioregionaldigital.com.br\/index.php?rest_route=\/wp\/v2\/posts"}],"about":[{"href":"https:\/\/diarioregionaldigital.com.br\/index.php?rest_route=\/wp\/v2\/types\/post"}],"author":[{"embeddable":true,"href":"https:\/\/diarioregionaldigital.com.br\/index.php?rest_route=\/wp\/v2\/users\/96"}],"replies":[{"embeddable":true,"href":"https:\/\/diarioregionaldigital.com.br\/index.php?rest_route=%2Fwp%2Fv2%2Fcomments&post=139969"}],"version-history":[{"count":0,"href":"https:\/\/diarioregionaldigital.com.br\/index.php?rest_route=\/wp\/v2\/posts\/139969\/revisions"}],"wp:featuredmedia":[{"embeddable":true,"href":"https:\/\/diarioregionaldigital.com.br\/index.php?rest_route=\/wp\/v2\/media\/139970"}],"wp:attachment":[{"href":"https:\/\/diarioregionaldigital.com.br\/index.php?rest_route=%2Fwp%2Fv2%2Fmedia&parent=139969"}],"wp:term":[{"taxonomy":"category","embeddable":true,"href":"https:\/\/diarioregionaldigital.com.br\/index.php?rest_route=%2Fwp%2Fv2%2Fcategories&post=139969"},{"taxonomy":"post_tag","embeddable":true,"href":"https:\/\/diarioregionaldigital.com.br\/index.php?rest_route=%2Fwp%2Fv2%2Ftags&post=139969"}],"curies":[{"name":"wp","href":"https:\/\/api.w.org\/{rel}","templated":true}]}}