{"id":139966,"date":"2019-05-11T07:54:29","date_gmt":"2019-05-11T10:54:29","guid":{"rendered":"https:\/\/diarioregionaldigital.com.br\/?p=139966"},"modified":"2019-05-11T07:54:29","modified_gmt":"2019-05-11T10:54:29","slug":"procuradoria-militar-denuncia-12-envolvidos-em-caso-de-familia-baleada","status":"publish","type":"post","link":"https:\/\/diarioregionaldigital.com.br\/?p=139966","title":{"rendered":"Procuradoria Militar denuncia 12 envolvidos em caso de fam\u00edlia baleada"},"content":{"rendered":"<p>A 1\u00aa Procuradoria de Justi\u00e7a Militar ofereceu den\u00fancia contra 12 militares envolvidos na a\u00e7\u00e3o que resultou na morte de duas pessoas e deixou uma ferida, no dia 7 de abril, no bairro de Guadalupe, pr\u00f3ximo \u00e0 Vila Militar, na capital fluminense. O carro em que as v\u00edtimas estavam foi atingido por disparos. Na ocasi\u00e3o, morreu o m\u00fasico Evaldo Rosa dos Santos e foi baleado o catador Luciano Macedo, atingido ao tentar ajudar a fam\u00edlia. Macedo acabou morrendo dias depois. Os militares acreditavam que se tratava de um carro semelhante conduzido por criminosos.<\/p>\n<p>\u201cOs militares, um 2\u00ba tenente, um 3\u00ba sargento, dois cabos e oito soldados, foram denunciados pela pr\u00e1tica dos crimes de duplo homic\u00eddio qualificado e tentativa de homic\u00eddio, previsto no art. 205, \u00a7 ; 2\u00ba, III, do C\u00f3digo Penal Militar e omiss\u00e3o de socorro, descrito no art. 135, do C\u00f3digo Penal Comum\u201d, informou a procuradoria, em nota divulgada hoje (10).<\/p>\n<p>Segundo o \u00f3rg\u00e3o, \u201ca tropa estava em tr\u00e2nsito, quando foi avisada do roubo que acontecia logo \u00e0 frente\u201d. \u201cAo chegarem ao local do fato e encontrarem os criminosos, os militares efetuaram disparos de fuzil e pistola. Os autores do roubo empreenderam fuga em dois ve\u00edculos, um Honda City roubado e um Ford Ka branco que utilizavam para o crime\u201d.<\/p>\n<p>Ainda de acordo com a procuradoria, \u201cos militares, que perseguiam os autores do roubo, chegaram em seguida e se depararam com um ve\u00edculo com caracter\u00edsticas semelhantes ao usado na fuga, um Ford Ka branco parado. Supondo tratar-se dos autores do roubo do Honda City, o tenente e, na sequ\u00eancia, os demais denunciados deflagraram disparos de fuzil e de pistola contra o ve\u00edculo e contra Luciano Macedo, que ainda correu em dire\u00e7\u00e3o ao Minhoc\u00e3o, mais foi alvejado no bra\u00e7o direito e nas costas\u201d.<\/p>\n<p>No texto divulgado nesta\u00a0sexta-feira, a procuradoria afirma que, \u201cap\u00f3s o reconhecimento do local e constatados os feridos, os militares n\u00e3o prestaram socorro imediato \u00e0s v\u00edtimas\u201d. A procuradoria informa ainda que, \u201csegundo levantamento realizado pela Pol\u00edcia Judici\u00e1ria Militar, naquela tarde de\u00a07 de abril\u00a0de 2019, considerando o primeiro e o segundo fatos, os denunciados dispararam 257 tiros de fuzil e de pistola. J\u00e1 com as v\u00edtimas n\u00e3o foram encontradas armas ou outros objetos de crime\u201d.<\/p>\n<p>Fonte: Ag\u00eancia Brasil<\/p>\n","protected":false},"excerpt":{"rendered":"<p>A 1\u00aa Procuradoria de Justi\u00e7a Militar ofereceu den\u00fancia contra 12 militares envolvidos na a\u00e7\u00e3o que resultou na morte de duas pessoas e deixou uma ferida, no dia 7 de abril, no bairro de Guadalupe, pr\u00f3ximo \u00e0 Vila Militar, na capital fluminense. O carro em que as v\u00edtimas estavam foi atingido por disparos. Na ocasi\u00e3o, morreu [&hellip;]<\/p>\n","protected":false},"author":96,"featured_media":97709,"comment_status":"closed","ping_status":"closed","sticky":false,"template":"","format":"standard","meta":{"footnotes":""},"categories":[302,436,439],"tags":[],"class_list":["post-139966","post","type-post","status-publish","format-standard","has-post-thumbnail","hentry","category-brasil-mundo","category-destaque-da-semana","category-ultima-hora"],"_links":{"self":[{"href":"https:\/\/diarioregionaldigital.com.br\/index.php?rest_route=\/wp\/v2\/posts\/139966","targetHints":{"allow":["GET"]}}],"collection":[{"href":"https:\/\/diarioregionaldigital.com.br\/index.php?rest_route=\/wp\/v2\/posts"}],"about":[{"href":"https:\/\/diarioregionaldigital.com.br\/index.php?rest_route=\/wp\/v2\/types\/post"}],"author":[{"embeddable":true,"href":"https:\/\/diarioregionaldigital.com.br\/index.php?rest_route=\/wp\/v2\/users\/96"}],"replies":[{"embeddable":true,"href":"https:\/\/diarioregionaldigital.com.br\/index.php?rest_route=%2Fwp%2Fv2%2Fcomments&post=139966"}],"version-history":[{"count":0,"href":"https:\/\/diarioregionaldigital.com.br\/index.php?rest_route=\/wp\/v2\/posts\/139966\/revisions"}],"wp:featuredmedia":[{"embeddable":true,"href":"https:\/\/diarioregionaldigital.com.br\/index.php?rest_route=\/wp\/v2\/media\/97709"}],"wp:attachment":[{"href":"https:\/\/diarioregionaldigital.com.br\/index.php?rest_route=%2Fwp%2Fv2%2Fmedia&parent=139966"}],"wp:term":[{"taxonomy":"category","embeddable":true,"href":"https:\/\/diarioregionaldigital.com.br\/index.php?rest_route=%2Fwp%2Fv2%2Fcategories&post=139966"},{"taxonomy":"post_tag","embeddable":true,"href":"https:\/\/diarioregionaldigital.com.br\/index.php?rest_route=%2Fwp%2Fv2%2Ftags&post=139966"}],"curies":[{"name":"wp","href":"https:\/\/api.w.org\/{rel}","templated":true}]}}