{"id":139962,"date":"2019-05-11T07:42:14","date_gmt":"2019-05-11T10:42:14","guid":{"rendered":"https:\/\/diarioregionaldigital.com.br\/?p=139962"},"modified":"2019-05-11T07:46:43","modified_gmt":"2019-05-11T10:46:43","slug":"brasileiro-vai-gastar-menos-com-presentes-para-o-dia-das-maes","status":"publish","type":"post","link":"https:\/\/diarioregionaldigital.com.br\/?p=139962","title":{"rendered":"Brasileiro vai gastar menos com presentes para o Dia das M\u00e3es"},"content":{"rendered":"<p>O brasileiro vai gastar menos este ano com o presente para o Dia das M\u00e3es, aponta pesquisa especial da Sondagem do Consumidor do Instituto Brasileiro de Economia da Funda\u00e7\u00e3o Getulio Vargas (FGV Ibre), divulgada nesta sexta-feira (10), no Rio de Janeiro. Feita com 1.737 pessoas entre os dias 2 e 20 de abril, a pesquisa revela que o pre\u00e7o m\u00e9dio apontado para a data caiu 3,1%, passando de R$ 67,1, em 2018, para R$ 65 este ano.<\/p>\n<p>O percentual de brasileiros que pretendem gastar menos (35,3%) est\u00e1 maior do que aquele com inten\u00e7\u00e3o de gastar mais (6,8%), disse o economista Rodolpho Tobler, coordenador das Sondagens da FGV Ibre. &#8220;Isso \u00e9 um pouco normal. Ano ap\u00f3s ano \u00e9 natural que os consumidores digam que pretendem gastar menos. O percentual melhorou em rela\u00e7\u00e3o a 2018 [37,1%], mas ainda \u00e9 um percentual baixo&#8221;.<\/p>\n<p>Tobler disse que a parcela da popula\u00e7\u00e3o que deseja gastar mais com o presente das m\u00e3es (6,8%) \u00e9 positiva, &#8220;porque \u00e9 o maior percentual desde 2014, que \u00e9 o in\u00edcio da recess\u00e3o. Mas a gente ainda tem a\u00ed um saldo de 71,5 pontos percentuais, que \u00e9 o nosso indicador de consumidores com inten\u00e7\u00e3o de compra para o Dia das M\u00e3es. Ou seja, tem mais consumidores dizendo que v\u00e3o gastar menos do que gastar mais&#8221;.<\/p>\n<p>O indicador da FGV Ibre resulta do saldo de respostas mais 100, em pontos percentuais. Quando ele est\u00e1 abaixo de 100, significa que tem mais consumidores dizendo que v\u00e3o gastar menos do que gastar mais. Quando o indicador est\u00e1 acima de 100 pontos, tem mais consumidores dizendo que v\u00e3o gastar mais, esclareceu o pesquisador. Em 2018, o indicador atingia 69,3 pontos.<\/p>\n<h2>Faixas de renda<\/h2>\n<p>A inten\u00e7\u00e3o de efetuar um gasto menor com os presentes para a data este ano se espalhou para todas as faixas de renda. &#8220;Mostra que \u00e9 uma din\u00e2mica geral. N\u00e3o \u00e9 espec\u00edfico de algum grupo de consumidores&#8221;, disse Tobler. A maior queda ocorreu entre as fam\u00edlias que ganham de R$ 4,8 mil a R$ 9,6 mil mensais, em que o gasto caiu de R$ 74,1 para R$ 71,1.<\/p>\n<p>Tobler disse que com as incertezas em rela\u00e7\u00e3o \u00e0 economia, ainda muito elevadas, os pr\u00f3prios consumidores mostram um pouco mais de cautela com os gastos e isso acaba refletindo no pre\u00e7o do presente para o Dia das M\u00e3es.<\/p>\n<p>Vestu\u00e1rio foi o presente mais citado pelos consumidores este ano (52,3%), mantendo tend\u00eancia observada desde 2017 (55%) e 2018 (50,4%). Em segundo lugar em termos de prefer\u00eancia para presentear as m\u00e3es este ano est\u00e3o os segmentos de perfumaria (10,5%), cal\u00e7ados (4,6%) e artigos para casa (4,6%). O fato de vestu\u00e1rio oferecer produtos para todos os bolsos facilita ao consumidor encontrar uma op\u00e7\u00e3o que mais conv\u00e9m ao seu bolso, disse Tobler.<\/p>\n<h2>Infla\u00e7\u00e3o<\/h2>\n<p>Outra pesquisa da FGV Ibre mostra que a infla\u00e7\u00e3o dos produtos e servi\u00e7os mais procurados no per\u00edodo subiram, em m\u00e9dia, 3% nos \u00faltimos 12 meses compreendidos entre maio de 2018 e abril de 2019, mas ficaram abaixo da infla\u00e7\u00e3o geral medida pelo \u00cdndice de Pre\u00e7os ao Consumidor (IPC), cuja varia\u00e7\u00e3o atingiu 5,19%.<\/p>\n<p>Separando os dois grupos, servi\u00e7os para o Dia das M\u00e3es aumentaram 3,74%, enquanto a infla\u00e7\u00e3o dos presentes ficou em 1,92%. O respons\u00e1vel pela pesquisa Igor Lino destacou que no ano passado a infla\u00e7\u00e3o de presentes foi ainda menor (1,32%). &#8220;Mas, tamb\u00e9m, a infla\u00e7\u00e3o estava bem mais baixa. O IPC estava em 2,98%&#8221;.<\/p>\n<p>Do total de 27 itens de presentes selecionados para o levantamento da FGV Ibre, sete mostraram alta acima da infla\u00e7\u00e3o e cinco apresentaram retra\u00e7\u00e3o. Entre as maiores altas, destaque para m\u00e1quina de lavar (6,85%), cintos e bolsas (6,15%), livros n\u00e3o did\u00e1ticos (5,97%) e geladeira e freezer (5,51%). Mostraram queda aparelho de televis\u00e3o (-4,67%) e aparelho de som (-1,68%).<\/p>\n<p>Entre os servi\u00e7os, puxaram a infla\u00e7\u00e3o para cima excurs\u00e3o e tour (10,41%) e cinemas (5,84%). No sentido oposto, teatro registrou a maior queda (-11,42%). Igor Lino recomendou aos consumidores ficar atentos para as ofertas que s\u00e3o tradicionais nessa data, no com\u00e9rcio.<\/p>\n<p>Fonte: Ag\u00eancia Brasil<\/p>\n","protected":false},"excerpt":{"rendered":"<p>O brasileiro vai gastar menos este ano com o presente para o Dia das M\u00e3es, aponta pesquisa especial da Sondagem do Consumidor do Instituto Brasileiro de Economia da Funda\u00e7\u00e3o Getulio Vargas (FGV Ibre), divulgada nesta sexta-feira (10), no Rio de Janeiro. Feita com 1.737 pessoas entre os dias 2 e 20 de abril, a pesquisa [&hellip;]<\/p>\n","protected":false},"author":96,"featured_media":139634,"comment_status":"closed","ping_status":"closed","sticky":false,"template":"","format":"standard","meta":{"footnotes":""},"categories":[436,261,439],"tags":[],"class_list":["post-139962","post","type-post","status-publish","format-standard","has-post-thumbnail","hentry","category-destaque-da-semana","category-economia","category-ultima-hora"],"_links":{"self":[{"href":"https:\/\/diarioregionaldigital.com.br\/index.php?rest_route=\/wp\/v2\/posts\/139962","targetHints":{"allow":["GET"]}}],"collection":[{"href":"https:\/\/diarioregionaldigital.com.br\/index.php?rest_route=\/wp\/v2\/posts"}],"about":[{"href":"https:\/\/diarioregionaldigital.com.br\/index.php?rest_route=\/wp\/v2\/types\/post"}],"author":[{"embeddable":true,"href":"https:\/\/diarioregionaldigital.com.br\/index.php?rest_route=\/wp\/v2\/users\/96"}],"replies":[{"embeddable":true,"href":"https:\/\/diarioregionaldigital.com.br\/index.php?rest_route=%2Fwp%2Fv2%2Fcomments&post=139962"}],"version-history":[{"count":0,"href":"https:\/\/diarioregionaldigital.com.br\/index.php?rest_route=\/wp\/v2\/posts\/139962\/revisions"}],"wp:featuredmedia":[{"embeddable":true,"href":"https:\/\/diarioregionaldigital.com.br\/index.php?rest_route=\/wp\/v2\/media\/139634"}],"wp:attachment":[{"href":"https:\/\/diarioregionaldigital.com.br\/index.php?rest_route=%2Fwp%2Fv2%2Fmedia&parent=139962"}],"wp:term":[{"taxonomy":"category","embeddable":true,"href":"https:\/\/diarioregionaldigital.com.br\/index.php?rest_route=%2Fwp%2Fv2%2Fcategories&post=139962"},{"taxonomy":"post_tag","embeddable":true,"href":"https:\/\/diarioregionaldigital.com.br\/index.php?rest_route=%2Fwp%2Fv2%2Ftags&post=139962"}],"curies":[{"name":"wp","href":"https:\/\/api.w.org\/{rel}","templated":true}]}}