{"id":139956,"date":"2019-05-12T06:00:09","date_gmt":"2019-05-12T09:00:09","guid":{"rendered":"https:\/\/diarioregionaldigital.com.br\/?p=139956"},"modified":"2019-05-10T22:32:14","modified_gmt":"2019-05-11T01:32:14","slug":"139956","status":"publish","type":"post","link":"https:\/\/diarioregionaldigital.com.br\/?p=139956","title":{"rendered":"Noivas By Candy"},"content":{"rendered":"<p style=\"text-align: center;\"><strong>Sa\u00fade<\/strong><\/p>\n<p style=\"text-align: center;\">Est\u00e1 muito preocupante a crise no abastecimento de rem\u00e9dios. Falhas da sa\u00fade causam falta nos estados e est\u00e3o amea\u00e7ando 2 milh\u00f5es de pacientes. O Minist\u00e9rio da Sa\u00fade j\u00e1 foi alertado diversas vezes sobre a escassez em que se encontra os estados. O documento mais recente do Conass diz que o desabastecimento atinge principalmente \u201cportadores de doen\u00e7as cr\u00f4nicas\u201d e que causam \u201cconsequ\u00eancias sociais cl\u00ednicas e n\u00e3o menos importante, econ\u00f4micas.\u201d Estamos de olho!<\/p>\n<p style=\"text-align: center;\"><strong>Mulher<\/strong><\/p>\n<p style=\"text-align: center;\">Com classe e requinte, a By Candy lan\u00e7ou uma super cole\u00e7\u00e3o especial para celebrar a alegria de ser m\u00e3e. S\u00e3o acess\u00f3rios m\u00e1xi, com estampas, cores vibrantes, pedrarias e muito brilho. Essa linha convida a mulher, debutantes, madrinhas e noivas, a se divertir com todas as possibilidades de estilo, com a versatilidade e o poder de ser v\u00e1rias mulheres numa s\u00f3.<\/p>\n<p style=\"text-align: center;\"><strong>Olha a On\u00e7a<\/strong><\/p>\n<p style=\"text-align: center;\">Vedete da esta\u00e7\u00e3o outono, a on\u00e7a pintada que apareceu em Juiz de Fora faz sucesso nos 4 cantos da cidade, Segundo o bi\u00f3logo Leandro Silveira do Instituto On\u00e7a Pintada, o animal possui h\u00e1bito solit\u00e1rio, interagindo com outras da mesma esp\u00e9cie apenas no per\u00edodo reprodutivo. A boa qualidade ambiental do Jardim Bot\u00e2nico de Juiz de Fora n\u00e3o \u00e9 suficiente e a on\u00e7a merece um ambiente adequado, j\u00e1 que estudos mostram que ela pode percorrer dezenas de quil\u00f4metros at\u00e9 encontrar seu pr\u00f3prio territ\u00f3rio.<\/p>\n<p style=\"text-align: center;\"><strong>Rainha do Lar<\/strong><\/p>\n<p style=\"text-align: center;\">Uma boa op\u00e7\u00e3o de presentes para o \u201cDia das M\u00e3es\u201d s\u00e3o as Cestas de Caf\u00e9 da manh\u00e3. Mas ao encomendar de empresas ou de amigos que montam as cestas, lembre-se de verificar a validade dos produtos. Para este colunista, o mais saud\u00e1vel s\u00e3o as cestas de frutas frescas.<\/p>\n<p style=\"text-align: center;\"><span style=\"font-size: 14pt;\"><strong>Noivas By Candy<\/strong><\/span><\/p>\n<p style=\"text-align: center;\">Juntando luxo, classe e requinte, as charmosas irm\u00e3s Nayara Neto e Nayane Neto promoveram na Maison de acess\u00f3rios finos By Candy, um evento para noivas e fornecedores para festas, com as novidades para outono inverno. As fotos registram presen\u00e7as para esta coluna.<\/p>\n<div id=\"attachment_139947\" style=\"width: 690px\" class=\"wp-caption aligncenter\"><img loading=\"lazy\" decoding=\"async\" aria-describedby=\"caption-attachment-139947\" class=\"wp-image-139947\" src=\"https:\/\/diarioregionaldigital.com.br\/wp-content\/uploads\/2019\/05\/fotoa-6-e1557537516366.jpg\" alt=\"\" width=\"680\" height=\"480\" srcset=\"https:\/\/diarioregionaldigital.com.br\/wp-content\/uploads\/2019\/05\/fotoa-6-e1557537516366.jpg 1331w, https:\/\/diarioregionaldigital.com.br\/wp-content\/uploads\/2019\/05\/fotoa-6-e1557537516366-300x212.jpg 300w, https:\/\/diarioregionaldigital.com.br\/wp-content\/uploads\/2019\/05\/fotoa-6-e1557537516366-768x542.jpg 768w, https:\/\/diarioregionaldigital.com.br\/wp-content\/uploads\/2019\/05\/fotoa-6-e1557537516366-1024x722.jpg 1024w, https:\/\/diarioregionaldigital.com.br\/wp-content\/uploads\/2019\/05\/fotoa-6-e1557537516366-750x530.jpg 750w, https:\/\/diarioregionaldigital.com.br\/wp-content\/uploads\/2019\/05\/fotoa-6-e1557537516366-360x254.jpg 360w, https:\/\/diarioregionaldigital.com.br\/wp-content\/uploads\/2019\/05\/fotoa-6-e1557537516366-100x70.jpg 100w\" sizes=\"auto, (max-width: 680px) 100vw, 680px\" \/><p id=\"caption-attachment-139947\" class=\"wp-caption-text\">As anfitri\u00e3s, Nayane, La\u00eds e Nayara Neto<\/p><\/div>\n<div id=\"attachment_139948\" style=\"width: 690px\" class=\"wp-caption aligncenter\"><img loading=\"lazy\" decoding=\"async\" aria-describedby=\"caption-attachment-139948\" class=\"wp-image-139948\" src=\"https:\/\/diarioregionaldigital.com.br\/wp-content\/uploads\/2019\/05\/fotob-4.jpg\" alt=\"\" width=\"680\" height=\"451\" srcset=\"https:\/\/diarioregionaldigital.com.br\/wp-content\/uploads\/2019\/05\/fotob-4.jpg 1758w, https:\/\/diarioregionaldigital.com.br\/wp-content\/uploads\/2019\/05\/fotob-4-300x199.jpg 300w, https:\/\/diarioregionaldigital.com.br\/wp-content\/uploads\/2019\/05\/fotob-4-768x510.jpg 768w, https:\/\/diarioregionaldigital.com.br\/wp-content\/uploads\/2019\/05\/fotob-4-1024x680.jpg 1024w, https:\/\/diarioregionaldigital.com.br\/wp-content\/uploads\/2019\/05\/fotob-4-360x239.jpg 360w\" sizes=\"auto, (max-width: 680px) 100vw, 680px\" \/><p id=\"caption-attachment-139948\" class=\"wp-caption-text\">Hederson Machado do Buffet Machado<\/p><\/div>\n<div id=\"attachment_139949\" style=\"width: 690px\" class=\"wp-caption aligncenter\"><img loading=\"lazy\" decoding=\"async\" aria-describedby=\"caption-attachment-139949\" class=\"wp-image-139949\" src=\"https:\/\/diarioregionaldigital.com.br\/wp-content\/uploads\/2019\/05\/fotoc-6-e1557537548597.jpg\" alt=\"\" width=\"680\" height=\"513\" srcset=\"https:\/\/diarioregionaldigital.com.br\/wp-content\/uploads\/2019\/05\/fotoc-6-e1557537548597.jpg 1244w, https:\/\/diarioregionaldigital.com.br\/wp-content\/uploads\/2019\/05\/fotoc-6-e1557537548597-300x226.jpg 300w, https:\/\/diarioregionaldigital.com.br\/wp-content\/uploads\/2019\/05\/fotoc-6-e1557537548597-768x580.jpg 768w, https:\/\/diarioregionaldigital.com.br\/wp-content\/uploads\/2019\/05\/fotoc-6-e1557537548597-1024x773.jpg 1024w, https:\/\/diarioregionaldigital.com.br\/wp-content\/uploads\/2019\/05\/fotoc-6-e1557537548597-360x272.jpg 360w\" sizes=\"auto, (max-width: 680px) 100vw, 680px\" \/><p id=\"caption-attachment-139949\" class=\"wp-caption-text\">O super coiffeur especialista em penteados, Paulinho Honoratto<\/p><\/div>\n<div id=\"attachment_139950\" style=\"width: 690px\" class=\"wp-caption aligncenter\"><img loading=\"lazy\" decoding=\"async\" aria-describedby=\"caption-attachment-139950\" class=\"wp-image-139950\" src=\"https:\/\/diarioregionaldigital.com.br\/wp-content\/uploads\/2019\/05\/fotod-5-e1557537571132.jpg\" alt=\"\" width=\"680\" height=\"486\" srcset=\"https:\/\/diarioregionaldigital.com.br\/wp-content\/uploads\/2019\/05\/fotod-5-e1557537571132.jpg 1624w, https:\/\/diarioregionaldigital.com.br\/wp-content\/uploads\/2019\/05\/fotod-5-e1557537571132-300x214.jpg 300w, https:\/\/diarioregionaldigital.com.br\/wp-content\/uploads\/2019\/05\/fotod-5-e1557537571132-768x549.jpg 768w, https:\/\/diarioregionaldigital.com.br\/wp-content\/uploads\/2019\/05\/fotod-5-e1557537571132-1024x731.jpg 1024w, https:\/\/diarioregionaldigital.com.br\/wp-content\/uploads\/2019\/05\/fotod-5-e1557537571132-360x257.jpg 360w, https:\/\/diarioregionaldigital.com.br\/wp-content\/uploads\/2019\/05\/fotod-5-e1557537571132-100x70.jpg 100w\" sizes=\"auto, (max-width: 680px) 100vw, 680px\" \/><p id=\"caption-attachment-139950\" class=\"wp-caption-text\">Fernando Sarmento (cinegrafista)<\/p><\/div>\n<div id=\"attachment_139951\" style=\"width: 690px\" class=\"wp-caption aligncenter\"><img loading=\"lazy\" decoding=\"async\" aria-describedby=\"caption-attachment-139951\" class=\"wp-image-139951\" src=\"https:\/\/diarioregionaldigital.com.br\/wp-content\/uploads\/2019\/05\/fotoe-5-e1557537598921.jpg\" alt=\"\" width=\"680\" height=\"545\" srcset=\"https:\/\/diarioregionaldigital.com.br\/wp-content\/uploads\/2019\/05\/fotoe-5-e1557537598921.jpg 1172w, https:\/\/diarioregionaldigital.com.br\/wp-content\/uploads\/2019\/05\/fotoe-5-e1557537598921-300x240.jpg 300w, https:\/\/diarioregionaldigital.com.br\/wp-content\/uploads\/2019\/05\/fotoe-5-e1557537598921-768x615.jpg 768w, https:\/\/diarioregionaldigital.com.br\/wp-content\/uploads\/2019\/05\/fotoe-5-e1557537598921-1024x820.jpg 1024w, https:\/\/diarioregionaldigital.com.br\/wp-content\/uploads\/2019\/05\/fotoe-5-e1557537598921-360x288.jpg 360w\" sizes=\"auto, (max-width: 680px) 100vw, 680px\" \/><p id=\"caption-attachment-139951\" class=\"wp-caption-text\">O maquiador Higor Z\u00f3ffoli<\/p><\/div>\n<div id=\"attachment_139952\" style=\"width: 690px\" class=\"wp-caption aligncenter\"><img loading=\"lazy\" decoding=\"async\" aria-describedby=\"caption-attachment-139952\" class=\"wp-image-139952\" src=\"https:\/\/diarioregionaldigital.com.br\/wp-content\/uploads\/2019\/05\/fotof-6-e1557537622543.jpg\" alt=\"\" width=\"680\" height=\"486\" srcset=\"https:\/\/diarioregionaldigital.com.br\/wp-content\/uploads\/2019\/05\/fotof-6-e1557537622543.jpg 1628w, https:\/\/diarioregionaldigital.com.br\/wp-content\/uploads\/2019\/05\/fotof-6-e1557537622543-300x214.jpg 300w, https:\/\/diarioregionaldigital.com.br\/wp-content\/uploads\/2019\/05\/fotof-6-e1557537622543-768x549.jpg 768w, https:\/\/diarioregionaldigital.com.br\/wp-content\/uploads\/2019\/05\/fotof-6-e1557537622543-1024x732.jpg 1024w, https:\/\/diarioregionaldigital.com.br\/wp-content\/uploads\/2019\/05\/fotof-6-e1557537622543-360x257.jpg 360w, https:\/\/diarioregionaldigital.com.br\/wp-content\/uploads\/2019\/05\/fotof-6-e1557537622543-100x70.jpg 100w\" sizes=\"auto, (max-width: 680px) 100vw, 680px\" \/><p id=\"caption-attachment-139952\" class=\"wp-caption-text\">As elegantes, Raquel Souza, Amanda Miana, Bianca Alves e L\u00edvia Brito<\/p><\/div>\n<div id=\"attachment_139953\" style=\"width: 690px\" class=\"wp-caption aligncenter\"><img loading=\"lazy\" decoding=\"async\" aria-describedby=\"caption-attachment-139953\" class=\"wp-image-139953\" src=\"https:\/\/diarioregionaldigital.com.br\/wp-content\/uploads\/2019\/05\/fotog-6-e1557537642743.jpg\" alt=\"\" width=\"680\" height=\"483\" srcset=\"https:\/\/diarioregionaldigital.com.br\/wp-content\/uploads\/2019\/05\/fotog-6-e1557537642743.jpg 1600w, https:\/\/diarioregionaldigital.com.br\/wp-content\/uploads\/2019\/05\/fotog-6-e1557537642743-300x213.jpg 300w, https:\/\/diarioregionaldigital.com.br\/wp-content\/uploads\/2019\/05\/fotog-6-e1557537642743-768x546.jpg 768w, https:\/\/diarioregionaldigital.com.br\/wp-content\/uploads\/2019\/05\/fotog-6-e1557537642743-1024x728.jpg 1024w, https:\/\/diarioregionaldigital.com.br\/wp-content\/uploads\/2019\/05\/fotog-6-e1557537642743-360x256.jpg 360w, https:\/\/diarioregionaldigital.com.br\/wp-content\/uploads\/2019\/05\/fotog-6-e1557537642743-100x70.jpg 100w\" sizes=\"auto, (max-width: 680px) 100vw, 680px\" \/><p id=\"caption-attachment-139953\" class=\"wp-caption-text\">Nayara Neto e Nayane Neto com as modelos Bruna Jacob, Camila Hespanhol e Paola Almeida<\/p><\/div>\n<div id=\"attachment_139954\" style=\"width: 690px\" class=\"wp-caption aligncenter\"><img loading=\"lazy\" decoding=\"async\" aria-describedby=\"caption-attachment-139954\" class=\"wp-image-139954\" src=\"https:\/\/diarioregionaldigital.com.br\/wp-content\/uploads\/2019\/05\/fotoh-6-e1557537672348.jpg\" alt=\"\" width=\"680\" height=\"460\" srcset=\"https:\/\/diarioregionaldigital.com.br\/wp-content\/uploads\/2019\/05\/fotoh-6-e1557537672348.jpg 1644w, https:\/\/diarioregionaldigital.com.br\/wp-content\/uploads\/2019\/05\/fotoh-6-e1557537672348-300x203.jpg 300w, https:\/\/diarioregionaldigital.com.br\/wp-content\/uploads\/2019\/05\/fotoh-6-e1557537672348-768x519.jpg 768w, https:\/\/diarioregionaldigital.com.br\/wp-content\/uploads\/2019\/05\/fotoh-6-e1557537672348-1024x692.jpg 1024w, https:\/\/diarioregionaldigital.com.br\/wp-content\/uploads\/2019\/05\/fotoh-6-e1557537672348-360x243.jpg 360w\" sizes=\"auto, (max-width: 680px) 100vw, 680px\" \/><p id=\"caption-attachment-139954\" class=\"wp-caption-text\">Noivas lindas reunidas na By Candy com Nayane Neto e Nayara Neto<\/p><\/div>\n<p style=\"text-align: center;\"><strong>FOTOSS\u00cdNTESE<\/strong><\/p>\n<p>Neste domingo, 12 de Maio, \u00e9 comemorado o Dia das M\u00e3e, nossa homenagem para as m\u00e3e guerreiras, batalhadoras e empoderadas. Selecionamos: Maria Rita Gomes da Rocha, Patr\u00edcia Caniato, Regina Horta e Silva, Nequitz Miguel, Neuza Marsicano, Maria Pires, Myrliane Le\u00e3o, Sandra Guedes, La\u00eds Neto, Ivanir Ferreira, Sandra Portella, Fl\u00e1via Arag\u00e3o Platz, L\u00facia Mendes Quint\u00e3o, Eveline Toledo, Orne\u00eddes Lima, Ana Maria Moraes Lima, L\u00facia Abdalla, Ivete Gomes, Beth Urgal, Gemma Brand\u00e3o, Sonia Zouain, Andrea Cintia e Jane Arag\u00e3o.<\/p>\n<p>Luismar Mendes e Luis Rachid s\u00e3o atra\u00e7\u00f5es musicais no almo\u00e7o do Dia das M\u00e3es, no domingo, \u00e0s 12h, no Hotel Green Hill.<\/p>\n<p>O elegante casal Vera e Francisco Xavier Amaral retornou de f\u00e9rias em Paris. J\u00e1, Elber Cordeiro e Sandra Cristina, da Argentina.<\/p>\n<p>Jovens e competentes Cristina Scheffer (comercial); Liliane Carvalho (qualidade) e Claudia Teixeira (opera\u00e7\u00f5es), gerentes do Sabin-Sinai, participaram do encontro \u201cSa\u00fade suplementar: cen\u00e1rios e perpectivas\u201d, realizado no Hotel Mercure em Belo Horizonte.<\/p>\n<p>O Centro Cultural Bernardo Mascarenhas (CCBM) est\u00e1 colocando em cartaz a exposi\u00e7\u00e3o de diversos artistas com o tema Cosplay Arte. S\u00e3o fotografias de cosplay e desenhos feitos por ilustradores a partir dos figurinos de personagens da cultura pop.<\/p>\n<p>Marcando presen\u00e7a na festa Ch\u00e1 de Alice no Rocket, anotamos os destaques: Lenin Ribeiro, Thenner Freitas, Crys Santos e Tiago Capuzzo.<\/p>\n<p>Com sua viola m\u00e1gica, o cantor Almir Sater &amp; Banda se apresenta no dia 31 de maio, \u00e0s 23h, no Terrazzo.<\/p>\n<p>Em tempo de qualidade de vida, a horta comunit\u00e1ria do N\u00facleo Travessia, equipamento integrante da Secretaria de Desenvolvimento Social (SDS), ganhou mais exemplares de plantas.<\/p>\n<p>Em evento com parceria entre a OAB e a UFJF e apoio do Instituto Vianna J\u00fanior, o ministro Luis Roberto Barroso, do Supremo Tribunal Federal, vai aterrissar em Juiz de Fora no dia 31. Far\u00e1 palestra no Cine-Theatro Central, \u00e0s 19h, quando ir\u00e1 lan\u00e7ar \u201cUm olhar sobre o mundo e o Brasil\u201d.<\/p>\n<p>Dica para almo\u00e7o do Dia das M\u00e3es: Restaurante Bras\u00e3o. Frutos do mar, massas e carnes nobres na mesa.<\/p>\n<p>Para domingar e pensar: A semana termina com grande charadas vale lembrar que n\u00e3o devemos resistir \u00e0s tenta\u00e7\u00f5es porque elas podem n\u00e3o voltar. Bom dia.<\/p>\n<p><img loading=\"lazy\" decoding=\"async\" class=\"aligncenter size-full wp-image-139945\" src=\"https:\/\/diarioregionaldigital.com.br\/wp-content\/uploads\/2019\/05\/Fashion_6x15.jpg\" alt=\"\" width=\"3495\" height=\"1781\" srcset=\"https:\/\/diarioregionaldigital.com.br\/wp-content\/uploads\/2019\/05\/Fashion_6x15.jpg 3495w, https:\/\/diarioregionaldigital.com.br\/wp-content\/uploads\/2019\/05\/Fashion_6x15-300x153.jpg 300w, https:\/\/diarioregionaldigital.com.br\/wp-content\/uploads\/2019\/05\/Fashion_6x15-768x391.jpg 768w, https:\/\/diarioregionaldigital.com.br\/wp-content\/uploads\/2019\/05\/Fashion_6x15-1024x522.jpg 1024w, https:\/\/diarioregionaldigital.com.br\/wp-content\/uploads\/2019\/05\/Fashion_6x15-360x183.jpg 360w\" sizes=\"auto, (max-width: 3495px) 100vw, 3495px\" \/><\/p>\n","protected":false},"excerpt":{"rendered":"<p>Sa\u00fade Est\u00e1 muito preocupante a crise no abastecimento de rem\u00e9dios. Falhas da sa\u00fade causam falta nos estados e est\u00e3o amea\u00e7ando 2 milh\u00f5es de pacientes. O Minist\u00e9rio da Sa\u00fade j\u00e1 foi alertado diversas vezes sobre a escassez em que se encontra os estados. O documento mais recente do Conass diz que o desabastecimento atinge principalmente \u201cportadores [&hellip;]<\/p>\n","protected":false},"author":96,"featured_media":139947,"comment_status":"closed","ping_status":"closed","sticky":false,"template":"","format":"standard","meta":{"footnotes":""},"categories":[264],"tags":[],"class_list":["post-139956","post","type-post","status-publish","format-standard","has-post-thumbnail","hentry","category-eduardo-gomes"],"_links":{"self":[{"href":"https:\/\/diarioregionaldigital.com.br\/index.php?rest_route=\/wp\/v2\/posts\/139956","targetHints":{"allow":["GET"]}}],"collection":[{"href":"https:\/\/diarioregionaldigital.com.br\/index.php?rest_route=\/wp\/v2\/posts"}],"about":[{"href":"https:\/\/diarioregionaldigital.com.br\/index.php?rest_route=\/wp\/v2\/types\/post"}],"author":[{"embeddable":true,"href":"https:\/\/diarioregionaldigital.com.br\/index.php?rest_route=\/wp\/v2\/users\/96"}],"replies":[{"embeddable":true,"href":"https:\/\/diarioregionaldigital.com.br\/index.php?rest_route=%2Fwp%2Fv2%2Fcomments&post=139956"}],"version-history":[{"count":0,"href":"https:\/\/diarioregionaldigital.com.br\/index.php?rest_route=\/wp\/v2\/posts\/139956\/revisions"}],"wp:featuredmedia":[{"embeddable":true,"href":"https:\/\/diarioregionaldigital.com.br\/index.php?rest_route=\/wp\/v2\/media\/139947"}],"wp:attachment":[{"href":"https:\/\/diarioregionaldigital.com.br\/index.php?rest_route=%2Fwp%2Fv2%2Fmedia&parent=139956"}],"wp:term":[{"taxonomy":"category","embeddable":true,"href":"https:\/\/diarioregionaldigital.com.br\/index.php?rest_route=%2Fwp%2Fv2%2Fcategories&post=139956"},{"taxonomy":"post_tag","embeddable":true,"href":"https:\/\/diarioregionaldigital.com.br\/index.php?rest_route=%2Fwp%2Fv2%2Ftags&post=139956"}],"curies":[{"name":"wp","href":"https:\/\/api.w.org\/{rel}","templated":true}]}}