{"id":139944,"date":"2019-05-10T06:00:59","date_gmt":"2019-05-10T09:00:59","guid":{"rendered":"https:\/\/diarioregionaldigital.com.br\/?p=139944"},"modified":"2019-05-10T22:10:31","modified_gmt":"2019-05-11T01:10:31","slug":"roupa-artsy","status":"publish","type":"post","link":"https:\/\/diarioregionaldigital.com.br\/?p=139944","title":{"rendered":"Roupa Artsy"},"content":{"rendered":"<p style=\"text-align: center;\"><strong>Roupa Artsy<\/strong><\/p>\n<p style=\"text-align: center;\">Usando como base a criatividade infantil a grife carioca Le Lis Blanc usou desenhos de crian\u00e7as e est\u00e1 encantando as mam\u00e3es. Os feitos pelos alunos da Escola Vidigal no projeto idealizado pelo artista t\u00e3o bacanas que viraram estampas com impress\u00f5es digitais dos pequenos para os moletons da cole\u00e7\u00e3o inverno da marca.<\/p>\n<p style=\"text-align: center;\"><strong>Dica<\/strong><\/p>\n<p style=\"text-align: center;\">Quando for viajar para o exterior, leve fotos do seu guarda-roupa no celular e d\u00ea uma olhadinha na hora das compras. Assim voc\u00ea evita v\u00e1rias \u201cirm\u00e3s g\u00eameas\u201d dentro do seu arm\u00e1rio.<\/p>\n<p style=\"text-align: center;\"><strong>L\u00e1 Longe<\/strong><\/p>\n<p style=\"text-align: center;\">Retornando de Jerusal\u00e9m, o humorista Gustavo Mendes pediu no Muro de Lamenta\u00e7\u00f5es amor, solidariedade e sucesso para seu show \u201cDi uma vez por todas\u201d, que apresenta na sexta-feira, 10, em Curitiba (PR).<\/p>\n<p style=\"text-align: center;\"><strong>Arte Total <\/strong><\/p>\n<p style=\"text-align: center;\">O fot\u00f3grafo Fernando Priamo est\u00e1 com tudo e n\u00e3o est\u00e1 prosa. Seus trabalhos em fine art, em que fez uma s\u00e9rie dedicada ao pintor franc\u00eas Claude Monet, causa efeito impactante. Os trabalhos com pegada europeia de arte, evidencia o talento do fot\u00f3grafo que certamente correr\u00e1 pelas galerias do mundo afora.<\/p>\n<p style=\"text-align: center;\"><strong>Olha S\u00f3<\/strong><\/p>\n<p style=\"text-align: center;\">A petroqu\u00edmica Odebrecht est\u00e1 em contagem regressiva e passa por uma prova de fogo em junho. \u00c9 o vencimento dos juros de uma d\u00edvida da empresa. E ter\u00e1 que desembolsar cerca de R$ 800 milh\u00f5es. Para quitar tudo, Odebrecht precisa dos dividendos de sua joia da coroa, a Braskem.<\/p>\n<div id=\"attachment_139794\" style=\"width: 690px\" class=\"wp-caption aligncenter\"><img loading=\"lazy\" decoding=\"async\" aria-describedby=\"caption-attachment-139794\" class=\"wp-image-139794\" src=\"https:\/\/diarioregionaldigital.com.br\/wp-content\/uploads\/2019\/05\/fotoa-5.jpg\" alt=\"\" width=\"680\" height=\"452\" srcset=\"https:\/\/diarioregionaldigital.com.br\/wp-content\/uploads\/2019\/05\/fotoa-5.jpg 1770w, https:\/\/diarioregionaldigital.com.br\/wp-content\/uploads\/2019\/05\/fotoa-5-300x199.jpg 300w, https:\/\/diarioregionaldigital.com.br\/wp-content\/uploads\/2019\/05\/fotoa-5-768x510.jpg 768w, https:\/\/diarioregionaldigital.com.br\/wp-content\/uploads\/2019\/05\/fotoa-5-1024x680.jpg 1024w, https:\/\/diarioregionaldigital.com.br\/wp-content\/uploads\/2019\/05\/fotoa-5-360x239.jpg 360w\" sizes=\"auto, (max-width: 680px) 100vw, 680px\" \/><p id=\"caption-attachment-139794\" class=\"wp-caption-text\">Aniversariando, a bonita jornalista e blogueira Mariana Noronha \u00e9 destaque total no final de semana<\/p><\/div>\n<div id=\"attachment_139795\" style=\"width: 690px\" class=\"wp-caption aligncenter\"><img loading=\"lazy\" decoding=\"async\" aria-describedby=\"caption-attachment-139795\" class=\"wp-image-139795\" src=\"https:\/\/diarioregionaldigital.com.br\/wp-content\/uploads\/2019\/05\/fotoaa-2-e1557536487675.jpg\" alt=\"\" width=\"680\" height=\"501\" srcset=\"https:\/\/diarioregionaldigital.com.br\/wp-content\/uploads\/2019\/05\/fotoaa-2-e1557536487675.jpg 358w, https:\/\/diarioregionaldigital.com.br\/wp-content\/uploads\/2019\/05\/fotoaa-2-e1557536487675-300x221.jpg 300w\" sizes=\"auto, (max-width: 680px) 100vw, 680px\" \/><p id=\"caption-attachment-139795\" class=\"wp-caption-text\">Comemorando com fino lanche o Dia das M\u00e3es, em sua loja Veneno, a elegante Lucinha Silva com a filha Tarcila Policeni<\/p><\/div>\n<div id=\"attachment_139797\" style=\"width: 690px\" class=\"wp-caption aligncenter\"><img loading=\"lazy\" decoding=\"async\" aria-describedby=\"caption-attachment-139797\" class=\"wp-image-139797\" src=\"https:\/\/diarioregionaldigital.com.br\/wp-content\/uploads\/2019\/05\/fotoc-5-e1557536516322.jpg\" alt=\"\" width=\"680\" height=\"469\" srcset=\"https:\/\/diarioregionaldigital.com.br\/wp-content\/uploads\/2019\/05\/fotoc-5-e1557536516322.jpg 1345w, https:\/\/diarioregionaldigital.com.br\/wp-content\/uploads\/2019\/05\/fotoc-5-e1557536516322-300x207.jpg 300w, https:\/\/diarioregionaldigital.com.br\/wp-content\/uploads\/2019\/05\/fotoc-5-e1557536516322-768x530.jpg 768w, https:\/\/diarioregionaldigital.com.br\/wp-content\/uploads\/2019\/05\/fotoc-5-e1557536516322-1024x707.jpg 1024w, https:\/\/diarioregionaldigital.com.br\/wp-content\/uploads\/2019\/05\/fotoc-5-e1557536516322-360x248.jpg 360w, https:\/\/diarioregionaldigital.com.br\/wp-content\/uploads\/2019\/05\/fotoc-5-e1557536516322-100x70.jpg 100w\" sizes=\"auto, (max-width: 680px) 100vw, 680px\" \/><p id=\"caption-attachment-139797\" class=\"wp-caption-text\">Mulheres empoderadas no Itanhang\u00e1 Golf Clube (Rio) com as Macedo: Cl\u00e1udia, Thayn\u00e1, Ivete, Nadyni e Ros\u00e2ngela<\/p><\/div>\n<div id=\"attachment_139798\" style=\"width: 690px\" class=\"wp-caption aligncenter\"><img loading=\"lazy\" decoding=\"async\" aria-describedby=\"caption-attachment-139798\" class=\"wp-image-139798\" src=\"https:\/\/diarioregionaldigital.com.br\/wp-content\/uploads\/2019\/05\/fotocc-e1557536540146.jpg\" alt=\"\" width=\"680\" height=\"472\" srcset=\"https:\/\/diarioregionaldigital.com.br\/wp-content\/uploads\/2019\/05\/fotocc-e1557536540146.jpg 960w, https:\/\/diarioregionaldigital.com.br\/wp-content\/uploads\/2019\/05\/fotocc-e1557536540146-300x208.jpg 300w, https:\/\/diarioregionaldigital.com.br\/wp-content\/uploads\/2019\/05\/fotocc-e1557536540146-768x534.jpg 768w, https:\/\/diarioregionaldigital.com.br\/wp-content\/uploads\/2019\/05\/fotocc-e1557536540146-360x250.jpg 360w, https:\/\/diarioregionaldigital.com.br\/wp-content\/uploads\/2019\/05\/fotocc-e1557536540146-100x70.jpg 100w\" sizes=\"auto, (max-width: 680px) 100vw, 680px\" \/><p id=\"caption-attachment-139798\" class=\"wp-caption-text\">Em cena final de Ver\u00e3o, a atriz Mariana Ximenez e o coiffeur Alexandre Henter<\/p><\/div>\n<div id=\"attachment_139800\" style=\"width: 690px\" class=\"wp-caption aligncenter\"><img loading=\"lazy\" decoding=\"async\" aria-describedby=\"caption-attachment-139800\" class=\"wp-image-139800\" src=\"https:\/\/diarioregionaldigital.com.br\/wp-content\/uploads\/2019\/05\/fotoe-4-e1557536559598.jpg\" alt=\"\" width=\"680\" height=\"473\" srcset=\"https:\/\/diarioregionaldigital.com.br\/wp-content\/uploads\/2019\/05\/fotoe-4-e1557536559598.jpg 1648w, https:\/\/diarioregionaldigital.com.br\/wp-content\/uploads\/2019\/05\/fotoe-4-e1557536559598-300x210.jpg 300w, https:\/\/diarioregionaldigital.com.br\/wp-content\/uploads\/2019\/05\/fotoe-4-e1557536559598-768x535.jpg 768w, https:\/\/diarioregionaldigital.com.br\/wp-content\/uploads\/2019\/05\/fotoe-4-e1557536559598-1024x713.jpg 1024w, https:\/\/diarioregionaldigital.com.br\/wp-content\/uploads\/2019\/05\/fotoe-4-e1557536559598-360x251.jpg 360w, https:\/\/diarioregionaldigital.com.br\/wp-content\/uploads\/2019\/05\/fotoe-4-e1557536559598-100x70.jpg 100w\" sizes=\"auto, (max-width: 680px) 100vw, 680px\" \/><p id=\"caption-attachment-139800\" class=\"wp-caption-text\">Na ferve\u00e7\u00e3o do Rocket Pub, Dad\u00e1 Rocha, Giovane Neves, Pablo Ribeiro e Jorge Modesto<\/p><\/div>\n<div id=\"attachment_139801\" style=\"width: 690px\" class=\"wp-caption aligncenter\"><img loading=\"lazy\" decoding=\"async\" aria-describedby=\"caption-attachment-139801\" class=\"wp-image-139801\" src=\"https:\/\/diarioregionaldigital.com.br\/wp-content\/uploads\/2019\/05\/fotof-5-e1557536580409.jpg\" alt=\"\" width=\"680\" height=\"454\" srcset=\"https:\/\/diarioregionaldigital.com.br\/wp-content\/uploads\/2019\/05\/fotof-5-e1557536580409.jpg 1607w, https:\/\/diarioregionaldigital.com.br\/wp-content\/uploads\/2019\/05\/fotof-5-e1557536580409-300x200.jpg 300w, https:\/\/diarioregionaldigital.com.br\/wp-content\/uploads\/2019\/05\/fotof-5-e1557536580409-768x513.jpg 768w, https:\/\/diarioregionaldigital.com.br\/wp-content\/uploads\/2019\/05\/fotof-5-e1557536580409-1024x684.jpg 1024w, https:\/\/diarioregionaldigital.com.br\/wp-content\/uploads\/2019\/05\/fotof-5-e1557536580409-360x240.jpg 360w\" sizes=\"auto, (max-width: 680px) 100vw, 680px\" \/><p id=\"caption-attachment-139801\" class=\"wp-caption-text\">No Sal\u00e3o Mega Studio, os lindos profissionais, Roberta, Lisandro Reis e Gilmara<\/p><\/div>\n<div id=\"attachment_139802\" style=\"width: 690px\" class=\"wp-caption aligncenter\"><img loading=\"lazy\" decoding=\"async\" aria-describedby=\"caption-attachment-139802\" class=\"wp-image-139802\" src=\"https:\/\/diarioregionaldigital.com.br\/wp-content\/uploads\/2019\/05\/fotog-5-e1557536614971.jpg\" alt=\"\" width=\"680\" height=\"482\" srcset=\"https:\/\/diarioregionaldigital.com.br\/wp-content\/uploads\/2019\/05\/fotog-5-e1557536614971.jpg 1605w, https:\/\/diarioregionaldigital.com.br\/wp-content\/uploads\/2019\/05\/fotog-5-e1557536614971-300x213.jpg 300w, https:\/\/diarioregionaldigital.com.br\/wp-content\/uploads\/2019\/05\/fotog-5-e1557536614971-768x544.jpg 768w, https:\/\/diarioregionaldigital.com.br\/wp-content\/uploads\/2019\/05\/fotog-5-e1557536614971-1024x725.jpg 1024w, https:\/\/diarioregionaldigital.com.br\/wp-content\/uploads\/2019\/05\/fotog-5-e1557536614971-750x530.jpg 750w, https:\/\/diarioregionaldigital.com.br\/wp-content\/uploads\/2019\/05\/fotog-5-e1557536614971-360x255.jpg 360w, https:\/\/diarioregionaldigital.com.br\/wp-content\/uploads\/2019\/05\/fotog-5-e1557536614971-100x70.jpg 100w\" sizes=\"auto, (max-width: 680px) 100vw, 680px\" \/><p id=\"caption-attachment-139802\" class=\"wp-caption-text\">Comemorando com fino jantar, 10 anos de feliz uni\u00e3o, Raquel Janotte e Diogo Souza Gomes<\/p><\/div>\n<div id=\"attachment_139804\" style=\"width: 690px\" class=\"wp-caption aligncenter\"><img loading=\"lazy\" decoding=\"async\" aria-describedby=\"caption-attachment-139804\" class=\"wp-image-139804\" src=\"https:\/\/diarioregionaldigital.com.br\/wp-content\/uploads\/2019\/05\/fotoi-4-e1557536663363.jpg\" alt=\"\" width=\"680\" height=\"517\" srcset=\"https:\/\/diarioregionaldigital.com.br\/wp-content\/uploads\/2019\/05\/fotoi-4-e1557536663363.jpg 1167w, https:\/\/diarioregionaldigital.com.br\/wp-content\/uploads\/2019\/05\/fotoi-4-e1557536663363-300x228.jpg 300w, https:\/\/diarioregionaldigital.com.br\/wp-content\/uploads\/2019\/05\/fotoi-4-e1557536663363-768x584.jpg 768w, https:\/\/diarioregionaldigital.com.br\/wp-content\/uploads\/2019\/05\/fotoi-4-e1557536663363-1024x778.jpg 1024w, https:\/\/diarioregionaldigital.com.br\/wp-content\/uploads\/2019\/05\/fotoi-4-e1557536663363-360x274.jpg 360w\" sizes=\"auto, (max-width: 680px) 100vw, 680px\" \/><p id=\"caption-attachment-139804\" class=\"wp-caption-text\">Vanessa Barbosa Leite Ferreira recepcionou, na ACBEU, a c\u00f4nsul dos Estados Unidos em Minas, Rita Rinco<\/p><\/div>\n<div id=\"attachment_139803\" style=\"width: 690px\" class=\"wp-caption aligncenter\"><img loading=\"lazy\" decoding=\"async\" aria-describedby=\"caption-attachment-139803\" class=\"wp-image-139803\" src=\"https:\/\/diarioregionaldigital.com.br\/wp-content\/uploads\/2019\/05\/fotoh-5-e1557536640485.jpg\" alt=\"\" width=\"680\" height=\"471\" srcset=\"https:\/\/diarioregionaldigital.com.br\/wp-content\/uploads\/2019\/05\/fotoh-5-e1557536640485.jpg 1566w, https:\/\/diarioregionaldigital.com.br\/wp-content\/uploads\/2019\/05\/fotoh-5-e1557536640485-300x208.jpg 300w, https:\/\/diarioregionaldigital.com.br\/wp-content\/uploads\/2019\/05\/fotoh-5-e1557536640485-768x532.jpg 768w, https:\/\/diarioregionaldigital.com.br\/wp-content\/uploads\/2019\/05\/fotoh-5-e1557536640485-1024x709.jpg 1024w, https:\/\/diarioregionaldigital.com.br\/wp-content\/uploads\/2019\/05\/fotoh-5-e1557536640485-360x249.jpg 360w, https:\/\/diarioregionaldigital.com.br\/wp-content\/uploads\/2019\/05\/fotoh-5-e1557536640485-100x70.jpg 100w\" sizes=\"auto, (max-width: 680px) 100vw, 680px\" \/><p id=\"caption-attachment-139803\" class=\"wp-caption-text\">Festejando anivers\u00e1rio no Condom\u00ednio Villagio da Serra 2, o ator e modelo Lenin Ribeiro ladeado de Kak\u00e1 Novak, Crys Santos e Rodrigo Drummond<\/p><\/div>\n<p style=\"text-align: center;\"><strong>FOTOSS\u00cdNTESE<\/strong><\/p>\n<p>Para o s\u00e1bado, 11, a Toca da Raposa (Ladeira) recebe o Baile das M\u00e3es, \u00e0s 21h30. O tom musical ser\u00e1 do cantor Edimar Augusto e apoio do Z\u00e9 Kodak.<\/p>\n<p>Com coordena\u00e7\u00e3o da professora Janaina Cardoso da Silva, a Semana de Gastronomia do CES\/JF \u00e9 um sucesso s\u00f3. Participando, o argentino Marcelo Champredonde, especialista em tipiza\u00e7\u00e3o de \u201cterroir\u201d, e o belga Jhoannes Ross, mestre em fermenta\u00e7\u00e3o natural.<\/p>\n<p>O MHall recebe no dia 11 de maio, \u00e0s 20h, o super show do grupo Fundo de Quintal.<\/p>\n<p>Retornando de Belo Horizonte, onde fez curso e treinamento da Itallian Color, o cabeleireiro Rosenberg Frizeiro, do sal\u00e3o PH.<\/p>\n<p>O Museu de Arte Murilo Mendes (MAMM) est\u00e1 revestindo suas paredes com a exposi\u00e7\u00e3o Antimagem. Na cena 23 obras de Eduardo Borges e Gilton Monteiro Jr.<\/p>\n<p>Com seis telas do artista pl\u00e1stico Alberto Serrano (Tito), o Shopping Jardim Norte exp\u00f5e as pinturas \u201cBronx Blues\u201d, representando suas mem\u00f3rias do bairro Bronx, em Nova York, do renomado artista.<\/p>\n<p>Visualizando trinta e tr\u00eas bolas com um nome diferente em cada uma, o JF Celtics inaugurou n\u00facleo social de basquete na Escola Estadual Clorindo Burnier, no Bairro Barbosa Lage.<\/p>\n<p>A elegante Ursula Fonseca, que tem no DNA a moda, revoluciona no segmento e investe em pesquisa revelando esp\u00edrito empreendedor.<\/p>\n<p>Com muito anari\u00ea, o Arrai\u00e1 Beneficente da Ascomcer vai agitar o Estacionamento do Cascatinha, dia 8 de junho, de 14h \u00e0s 22h. Ingressos: 10 reais.<\/p>\n<p>O Terrazzo vai estremecer no dia 28 de junho, \u00e0s 21h (abertura da casa), para o show do grupo Ra\u00e7a Negra &amp; Amigos II.<\/p>\n<p>Carlos Badico (cabelos), Lisandro Reis (sobrancelhas e maquiagem) e Dada Rocha (est\u00e9tica) fazem enorme sucesso no Mega Studio (MS). Fica na rua Esp\u00edrito Santo, n\u00ba904. Para marcar: 3213-6475.<\/p>\n<p>Para reagir: \u201cTodas as vit\u00f3rias ocultam uma ren\u00fancia\u201d (Simone de Beauvoir). Bom dia.<\/p>\n<p><img loading=\"lazy\" decoding=\"async\" class=\"aligncenter size-full wp-image-139945\" src=\"https:\/\/diarioregionaldigital.com.br\/wp-content\/uploads\/2019\/05\/Fashion_6x15.jpg\" alt=\"\" width=\"3495\" height=\"1781\" srcset=\"https:\/\/diarioregionaldigital.com.br\/wp-content\/uploads\/2019\/05\/Fashion_6x15.jpg 3495w, https:\/\/diarioregionaldigital.com.br\/wp-content\/uploads\/2019\/05\/Fashion_6x15-300x153.jpg 300w, https:\/\/diarioregionaldigital.com.br\/wp-content\/uploads\/2019\/05\/Fashion_6x15-768x391.jpg 768w, https:\/\/diarioregionaldigital.com.br\/wp-content\/uploads\/2019\/05\/Fashion_6x15-1024x522.jpg 1024w, https:\/\/diarioregionaldigital.com.br\/wp-content\/uploads\/2019\/05\/Fashion_6x15-360x183.jpg 360w\" sizes=\"auto, (max-width: 3495px) 100vw, 3495px\" \/><\/p>\n","protected":false},"excerpt":{"rendered":"<p>Roupa Artsy Usando como base a criatividade infantil a grife carioca Le Lis Blanc usou desenhos de crian\u00e7as e est\u00e1 encantando as mam\u00e3es. Os feitos pelos alunos da Escola Vidigal no projeto idealizado pelo artista t\u00e3o bacanas que viraram estampas com impress\u00f5es digitais dos pequenos para os moletons da cole\u00e7\u00e3o inverno da marca. Dica Quando [&hellip;]<\/p>\n","protected":false},"author":96,"featured_media":139794,"comment_status":"closed","ping_status":"closed","sticky":false,"template":"","format":"standard","meta":{"footnotes":""},"categories":[264],"tags":[],"class_list":["post-139944","post","type-post","status-publish","format-standard","has-post-thumbnail","hentry","category-eduardo-gomes"],"_links":{"self":[{"href":"https:\/\/diarioregionaldigital.com.br\/index.php?rest_route=\/wp\/v2\/posts\/139944","targetHints":{"allow":["GET"]}}],"collection":[{"href":"https:\/\/diarioregionaldigital.com.br\/index.php?rest_route=\/wp\/v2\/posts"}],"about":[{"href":"https:\/\/diarioregionaldigital.com.br\/index.php?rest_route=\/wp\/v2\/types\/post"}],"author":[{"embeddable":true,"href":"https:\/\/diarioregionaldigital.com.br\/index.php?rest_route=\/wp\/v2\/users\/96"}],"replies":[{"embeddable":true,"href":"https:\/\/diarioregionaldigital.com.br\/index.php?rest_route=%2Fwp%2Fv2%2Fcomments&post=139944"}],"version-history":[{"count":0,"href":"https:\/\/diarioregionaldigital.com.br\/index.php?rest_route=\/wp\/v2\/posts\/139944\/revisions"}],"wp:featuredmedia":[{"embeddable":true,"href":"https:\/\/diarioregionaldigital.com.br\/index.php?rest_route=\/wp\/v2\/media\/139794"}],"wp:attachment":[{"href":"https:\/\/diarioregionaldigital.com.br\/index.php?rest_route=%2Fwp%2Fv2%2Fmedia&parent=139944"}],"wp:term":[{"taxonomy":"category","embeddable":true,"href":"https:\/\/diarioregionaldigital.com.br\/index.php?rest_route=%2Fwp%2Fv2%2Fcategories&post=139944"},{"taxonomy":"post_tag","embeddable":true,"href":"https:\/\/diarioregionaldigital.com.br\/index.php?rest_route=%2Fwp%2Fv2%2Ftags&post=139944"}],"curies":[{"name":"wp","href":"https:\/\/api.w.org\/{rel}","templated":true}]}}