{"id":139940,"date":"2019-05-10T06:00:44","date_gmt":"2019-05-10T09:00:44","guid":{"rendered":"https:\/\/diarioregionaldigital.com.br\/?p=139940"},"modified":"2019-05-10T21:55:50","modified_gmt":"2019-05-11T00:55:50","slug":"prefeitura-municipal-de-descoberto-cont-026-10-05-19","status":"publish","type":"post","link":"https:\/\/diarioregionaldigital.com.br\/?p=139940","title":{"rendered":"Prefeitura Municipal de Descoberto &#8211; Cont &#8211; 026 &#8211; 10\/05\/19"},"content":{"rendered":"<p style=\"text-align: center;\"><strong>EXTRATO DE CONTRATO<\/strong><\/p>\n<p style=\"text-align: center;\">Pref. Municipal de Descoberto x Atende Tecnologia e Seguran\u00e7a Eirelli \u2013 Objeto: Fornecimento de equipamentos e instala\u00e7\u00e3o para o CRAS \u2013 Fundamento: Preg\u00e3o n\u00ba 009\/2019 &#8211; Valor Global: 23.000,00 &#8211; Vig\u00eancia: 01 m\u00eas &#8211; Dot or\u00e7: 02.08000.08.244.0012.238-449052\/129 \u00a0&#8211; Ass: 09\/05\/2019 &#8211; Foro: S\u00e3o Jo\u00e3o Nepomuceno\/MG.<\/p>\n<p style=\"text-align: center;\"><strong>Marcos de Ara\u00fajo Lima<\/strong><\/p>\n<p style=\"text-align: center;\"><strong>Prefeito Municipal<\/strong><\/p>\n","protected":false},"excerpt":{"rendered":"<p>EXTRATO DE CONTRATO Pref. Municipal de Descoberto x Atende Tecnologia e Seguran\u00e7a Eirelli \u2013 Objeto: Fornecimento de equipamentos e instala\u00e7\u00e3o para o CRAS \u2013 Fundamento: Preg\u00e3o n\u00ba 009\/2019 &#8211; Valor Global: 23.000,00 &#8211; Vig\u00eancia: 01 m\u00eas &#8211; Dot or\u00e7: 02.08000.08.244.0012.238-449052\/129 \u00a0&#8211; Ass: 09\/05\/2019 &#8211; Foro: S\u00e3o Jo\u00e3o Nepomuceno\/MG. Marcos de Ara\u00fajo Lima Prefeito Municipal<\/p>\n","protected":false},"author":96,"featured_media":0,"comment_status":"closed","ping_status":"closed","sticky":false,"template":"","format":"standard","meta":{"footnotes":""},"categories":[307],"tags":[],"class_list":["post-139940","post","type-post","status-publish","format-standard","hentry","category-editais"],"_links":{"self":[{"href":"https:\/\/diarioregionaldigital.com.br\/index.php?rest_route=\/wp\/v2\/posts\/139940","targetHints":{"allow":["GET"]}}],"collection":[{"href":"https:\/\/diarioregionaldigital.com.br\/index.php?rest_route=\/wp\/v2\/posts"}],"about":[{"href":"https:\/\/diarioregionaldigital.com.br\/index.php?rest_route=\/wp\/v2\/types\/post"}],"author":[{"embeddable":true,"href":"https:\/\/diarioregionaldigital.com.br\/index.php?rest_route=\/wp\/v2\/users\/96"}],"replies":[{"embeddable":true,"href":"https:\/\/diarioregionaldigital.com.br\/index.php?rest_route=%2Fwp%2Fv2%2Fcomments&post=139940"}],"version-history":[{"count":0,"href":"https:\/\/diarioregionaldigital.com.br\/index.php?rest_route=\/wp\/v2\/posts\/139940\/revisions"}],"wp:attachment":[{"href":"https:\/\/diarioregionaldigital.com.br\/index.php?rest_route=%2Fwp%2Fv2%2Fmedia&parent=139940"}],"wp:term":[{"taxonomy":"category","embeddable":true,"href":"https:\/\/diarioregionaldigital.com.br\/index.php?rest_route=%2Fwp%2Fv2%2Fcategories&post=139940"},{"taxonomy":"post_tag","embeddable":true,"href":"https:\/\/diarioregionaldigital.com.br\/index.php?rest_route=%2Fwp%2Fv2%2Ftags&post=139940"}],"curies":[{"name":"wp","href":"https:\/\/api.w.org\/{rel}","templated":true}]}}