{"id":139938,"date":"2019-05-10T06:00:55","date_gmt":"2019-05-10T09:00:55","guid":{"rendered":"https:\/\/diarioregionaldigital.com.br\/?p=139938"},"modified":"2019-05-10T21:52:20","modified_gmt":"2019-05-11T00:52:20","slug":"prefeitura-municipal-de-descoberto-cont-027-10-05-19","status":"publish","type":"post","link":"https:\/\/diarioregionaldigital.com.br\/?p=139938","title":{"rendered":"Prefeitura Municipal de Descoberto &#8211; Cont &#8211; 027- 10\/05\/19"},"content":{"rendered":"<p style=\"text-align: center;\"><strong>EXTRATO DE CONTRATO<\/strong><\/p>\n<p style=\"text-align: center;\">Pref. Municipal de Descoberto x Sirlei Saar Sequeto Giela\u2013 Objeto: Fornecimento de g\u00eaneros aliment\u00edcios para merenda escolar , lanche dos funcion\u00e1rios e eventos do Departamento de Sa\u00fade \u2013 Fundamento: Preg\u00e3o n\u00ba 011\/2019 &#8211; Valor Global: 39.001,54 &#8211; Vig\u00eancia: 09 meses &#8211; Dot or\u00e7: 02.04003.12.306.0003.263-339030\/144\/ 02.08000.08.244.0012.238-339030-129\/ 02.04001.12.122.0002.233-339030-100\/ 02.02000.04.122.0002.218-339030-100\/ 02.05001.10.122.0002.284-339030-100\/ 02.06000.15.122.0002.202-339030-100\/ 02.09000.18.541.0013.242-339030-100\/ 02.04004.27.812.0016.273-339030-100\/ 02.08000.08.244.0011.232-339030-100\/ 02.08000.08.244.0012.238-339030-129\/ 02.05001.10.122.0002.284-339030-100 &#8211; \u00a0Ass: 09\/05\/2019 &#8211; Foro: S\u00e3o Jo\u00e3o Nepomuceno\/MG.<\/p>\n<p style=\"text-align: center;\"><strong>Marcos de Ara\u00fajo Lima<\/strong><\/p>\n<p style=\"text-align: center;\"><strong>Prefeito Municipal<\/strong><\/p>\n","protected":false},"excerpt":{"rendered":"<p>EXTRATO DE CONTRATO Pref. Municipal de Descoberto x Sirlei Saar Sequeto Giela\u2013 Objeto: Fornecimento de g\u00eaneros aliment\u00edcios para merenda escolar , lanche dos funcion\u00e1rios e eventos do Departamento de Sa\u00fade \u2013 Fundamento: Preg\u00e3o n\u00ba 011\/2019 &#8211; Valor Global: 39.001,54 &#8211; Vig\u00eancia: 09 meses &#8211; Dot or\u00e7: 02.04003.12.306.0003.263-339030\/144\/ 02.08000.08.244.0012.238-339030-129\/ 02.04001.12.122.0002.233-339030-100\/ 02.02000.04.122.0002.218-339030-100\/ 02.05001.10.122.0002.284-339030-100\/ 02.06000.15.122.0002.202-339030-100\/ 02.09000.18.541.0013.242-339030-100\/ 02.04004.27.812.0016.273-339030-100\/ 02.08000.08.244.0011.232-339030-100\/ [&hellip;]<\/p>\n","protected":false},"author":96,"featured_media":0,"comment_status":"closed","ping_status":"closed","sticky":false,"template":"","format":"standard","meta":{"footnotes":""},"categories":[307],"tags":[],"class_list":["post-139938","post","type-post","status-publish","format-standard","hentry","category-editais"],"_links":{"self":[{"href":"https:\/\/diarioregionaldigital.com.br\/index.php?rest_route=\/wp\/v2\/posts\/139938","targetHints":{"allow":["GET"]}}],"collection":[{"href":"https:\/\/diarioregionaldigital.com.br\/index.php?rest_route=\/wp\/v2\/posts"}],"about":[{"href":"https:\/\/diarioregionaldigital.com.br\/index.php?rest_route=\/wp\/v2\/types\/post"}],"author":[{"embeddable":true,"href":"https:\/\/diarioregionaldigital.com.br\/index.php?rest_route=\/wp\/v2\/users\/96"}],"replies":[{"embeddable":true,"href":"https:\/\/diarioregionaldigital.com.br\/index.php?rest_route=%2Fwp%2Fv2%2Fcomments&post=139938"}],"version-history":[{"count":0,"href":"https:\/\/diarioregionaldigital.com.br\/index.php?rest_route=\/wp\/v2\/posts\/139938\/revisions"}],"wp:attachment":[{"href":"https:\/\/diarioregionaldigital.com.br\/index.php?rest_route=%2Fwp%2Fv2%2Fmedia&parent=139938"}],"wp:term":[{"taxonomy":"category","embeddable":true,"href":"https:\/\/diarioregionaldigital.com.br\/index.php?rest_route=%2Fwp%2Fv2%2Fcategories&post=139938"},{"taxonomy":"post_tag","embeddable":true,"href":"https:\/\/diarioregionaldigital.com.br\/index.php?rest_route=%2Fwp%2Fv2%2Ftags&post=139938"}],"curies":[{"name":"wp","href":"https:\/\/api.w.org\/{rel}","templated":true}]}}