{"id":139936,"date":"2019-05-10T06:00:29","date_gmt":"2019-05-10T09:00:29","guid":{"rendered":"https:\/\/diarioregionaldigital.com.br\/?p=139936"},"modified":"2019-05-10T21:50:42","modified_gmt":"2019-05-11T00:50:42","slug":"prefeitura-municipal-de-descoberto-cont-028-10-05-19","status":"publish","type":"post","link":"https:\/\/diarioregionaldigital.com.br\/?p=139936","title":{"rendered":"Prefeitura Municipal de Descoberto &#8211; Cont -028 &#8211; 10\/05\/19"},"content":{"rendered":"<p style=\"text-align: center;\"><strong>EXTRATO DE CONTRATO<\/strong><\/p>\n<p style=\"text-align: center;\">Pref. Municipal de Descoberto x Olivia Maria Vieira de Castro Ltda\u2013 Objeto: Fornecimento de m\u00f3veis para instala\u00e7\u00f5es do Cras e para o Departamento de Sa\u00fade \u2013 Fundamento: Preg\u00e3o n\u00ba 012\/2019 &#8211; Valor Global: 14.368,00 &#8211; Vig\u00eancia: 01 m\u00eas &#8211; Dot or\u00e7: 02.05001.10.122.0002.284-449052-102\/ 02.08000.08.244.0012.238-449052-129 \u00a0&#8211; Ass: 09\/05\/2019 &#8211; Foro: S\u00e3o Jo\u00e3o Nepomuceno\/MG.<\/p>\n<p style=\"text-align: center;\"><strong>Marcos de Ara\u00fajo Lima<\/strong><\/p>\n<p style=\"text-align: center;\"><strong>Prefeito Municipal<\/strong><\/p>\n","protected":false},"excerpt":{"rendered":"<p>EXTRATO DE CONTRATO Pref. Municipal de Descoberto x Olivia Maria Vieira de Castro Ltda\u2013 Objeto: Fornecimento de m\u00f3veis para instala\u00e7\u00f5es do Cras e para o Departamento de Sa\u00fade \u2013 Fundamento: Preg\u00e3o n\u00ba 012\/2019 &#8211; Valor Global: 14.368,00 &#8211; Vig\u00eancia: 01 m\u00eas &#8211; Dot or\u00e7: 02.05001.10.122.0002.284-449052-102\/ 02.08000.08.244.0012.238-449052-129 \u00a0&#8211; Ass: 09\/05\/2019 &#8211; Foro: S\u00e3o Jo\u00e3o Nepomuceno\/MG. Marcos [&hellip;]<\/p>\n","protected":false},"author":96,"featured_media":0,"comment_status":"closed","ping_status":"closed","sticky":false,"template":"","format":"standard","meta":{"footnotes":""},"categories":[307],"tags":[],"class_list":["post-139936","post","type-post","status-publish","format-standard","hentry","category-editais"],"_links":{"self":[{"href":"https:\/\/diarioregionaldigital.com.br\/index.php?rest_route=\/wp\/v2\/posts\/139936","targetHints":{"allow":["GET"]}}],"collection":[{"href":"https:\/\/diarioregionaldigital.com.br\/index.php?rest_route=\/wp\/v2\/posts"}],"about":[{"href":"https:\/\/diarioregionaldigital.com.br\/index.php?rest_route=\/wp\/v2\/types\/post"}],"author":[{"embeddable":true,"href":"https:\/\/diarioregionaldigital.com.br\/index.php?rest_route=\/wp\/v2\/users\/96"}],"replies":[{"embeddable":true,"href":"https:\/\/diarioregionaldigital.com.br\/index.php?rest_route=%2Fwp%2Fv2%2Fcomments&post=139936"}],"version-history":[{"count":0,"href":"https:\/\/diarioregionaldigital.com.br\/index.php?rest_route=\/wp\/v2\/posts\/139936\/revisions"}],"wp:attachment":[{"href":"https:\/\/diarioregionaldigital.com.br\/index.php?rest_route=%2Fwp%2Fv2%2Fmedia&parent=139936"}],"wp:term":[{"taxonomy":"category","embeddable":true,"href":"https:\/\/diarioregionaldigital.com.br\/index.php?rest_route=%2Fwp%2Fv2%2Fcategories&post=139936"},{"taxonomy":"post_tag","embeddable":true,"href":"https:\/\/diarioregionaldigital.com.br\/index.php?rest_route=%2Fwp%2Fv2%2Ftags&post=139936"}],"curies":[{"name":"wp","href":"https:\/\/api.w.org\/{rel}","templated":true}]}}