{"id":139931,"date":"2019-05-10T06:00:47","date_gmt":"2019-05-10T09:00:47","guid":{"rendered":"https:\/\/diarioregionaldigital.com.br\/?p=139931"},"modified":"2019-05-10T21:49:05","modified_gmt":"2019-05-11T00:49:05","slug":"camara-municipal-de-matias-barbosa-licitacao-no40-09-05-19","status":"publish","type":"post","link":"https:\/\/diarioregionaldigital.com.br\/?p=139931","title":{"rendered":"C\u00e2mara Municipal de Matias Barbosa &#8211; Licita\u00e7\u00e3o n\u00ba40 &#8211; 10\/05\/19"},"content":{"rendered":"<p style=\"text-align: center;\"><strong>C\u00c2MARA MUNICIPAL DE MATIAS BARBOSA &#8211; MG<\/strong><\/p>\n<p style=\"text-align: center;\"><strong>AVISO DE LICITA\u00c7\u00c3O<\/strong><\/p>\n<p style=\"text-align: center;\"><strong>PROCESSO LICITAT\u00d3RIO N\u00ba. 40\/2019<\/strong><\/p>\n<p style=\"text-align: center;\"><strong>PREG\u00c3O N\u00ba. 06\/2019<\/strong><\/p>\n<p style=\"text-align: center;\"><strong>OBJETO<\/strong>: Contrata\u00e7\u00e3o de empresa especializada na presta\u00e7\u00e3o de servi\u00e7os de serralheria com fornecimento de materiais e m\u00e3o de obra para reparo do telhado da C\u00e2mara Municipal de Matias Barbosa, referente \u00e0 troca de 130m\u00b2 de telhas t\u00e9rmicas e de 53 metros de calhas com coloca\u00e7\u00e3o de rufos e cria\u00e7\u00e3o de 04 (quatro) sa\u00eddas de \u00e1gua, conforme especifica\u00e7\u00f5es e condi\u00e7\u00f5es constantes no edital e seus anexos.<\/p>\n<p style=\"text-align: center;\"><strong>SETOR REQUISITANTE: <\/strong>Presid\u00eancia da C\u00e2mara Municipal de Matias Barbosa<\/p>\n<p style=\"text-align: center;\"><strong>ENTREGA E ABERTURA DOS ENVELOPES DE \u201cHABILITA\u00c7\u00c3O\u201d E \u201cPROPOSTA COMERCIAL\u201d:<\/strong><\/p>\n<p style=\"text-align: center;\"><strong>DATA<\/strong>: 23\/05\/2019<\/p>\n<p style=\"text-align: center;\"><strong>HOR\u00c1RIO<\/strong>: 09:00 Horas<\/p>\n<p style=\"text-align: center;\"><strong>LOCAL: <\/strong>Sala de reuni\u00f5es da C\u00e2mara Municipal de Matias Barbosa, situada na Avenida Engenheiro Paulo Brand\u00e3o, n\u00b0. 380, Parque dos Sabi\u00e1s, na cidade de Matias Barbosa \u2013 MG. CEP: 36.120-000.<\/p>\n<p style=\"text-align: center;\"><strong>CONSULTAS AO EDITAL E DIVULGA\u00c7\u00c3O DE INFORMA\u00c7\u00d5ES:<\/strong><\/p>\n<p style=\"text-align: center;\"><strong>No site <\/strong>C\u00e2mara Municipal: <a href=\"http:\/\/www.matiasbarbosa.mg.leg.br\/\">www.matiasbarbosa.mg.leg.br<\/a><\/p>\n<p style=\"text-align: center;\"><strong>ESCLARECIMENTOS<\/strong>: Eventuais d\u00favidas podem ser esclarecidas atrav\u00e9s do e-mail:<\/p>\n<p style=\"text-align: center;\"><a href=\"mailto:licitacao@matiasbarbosa.mg.leg.br\">licitacao@matiasbarbosa.mg.leg.br<\/a>, e do tel: (32) 3273 \u2013 5719.<\/p>\n","protected":false},"excerpt":{"rendered":"<p>C\u00c2MARA MUNICIPAL DE MATIAS BARBOSA &#8211; MG AVISO DE LICITA\u00c7\u00c3O PROCESSO LICITAT\u00d3RIO N\u00ba. 40\/2019 PREG\u00c3O N\u00ba. 06\/2019 OBJETO: Contrata\u00e7\u00e3o de empresa especializada na presta\u00e7\u00e3o de servi\u00e7os de serralheria com fornecimento de materiais e m\u00e3o de obra para reparo do telhado da C\u00e2mara Municipal de Matias Barbosa, referente \u00e0 troca de 130m\u00b2 de telhas t\u00e9rmicas e [&hellip;]<\/p>\n","protected":false},"author":96,"featured_media":0,"comment_status":"closed","ping_status":"closed","sticky":false,"template":"","format":"standard","meta":{"footnotes":""},"categories":[307],"tags":[],"class_list":["post-139931","post","type-post","status-publish","format-standard","hentry","category-editais"],"_links":{"self":[{"href":"https:\/\/diarioregionaldigital.com.br\/index.php?rest_route=\/wp\/v2\/posts\/139931","targetHints":{"allow":["GET"]}}],"collection":[{"href":"https:\/\/diarioregionaldigital.com.br\/index.php?rest_route=\/wp\/v2\/posts"}],"about":[{"href":"https:\/\/diarioregionaldigital.com.br\/index.php?rest_route=\/wp\/v2\/types\/post"}],"author":[{"embeddable":true,"href":"https:\/\/diarioregionaldigital.com.br\/index.php?rest_route=\/wp\/v2\/users\/96"}],"replies":[{"embeddable":true,"href":"https:\/\/diarioregionaldigital.com.br\/index.php?rest_route=%2Fwp%2Fv2%2Fcomments&post=139931"}],"version-history":[{"count":0,"href":"https:\/\/diarioregionaldigital.com.br\/index.php?rest_route=\/wp\/v2\/posts\/139931\/revisions"}],"wp:attachment":[{"href":"https:\/\/diarioregionaldigital.com.br\/index.php?rest_route=%2Fwp%2Fv2%2Fmedia&parent=139931"}],"wp:term":[{"taxonomy":"category","embeddable":true,"href":"https:\/\/diarioregionaldigital.com.br\/index.php?rest_route=%2Fwp%2Fv2%2Fcategories&post=139931"},{"taxonomy":"post_tag","embeddable":true,"href":"https:\/\/diarioregionaldigital.com.br\/index.php?rest_route=%2Fwp%2Fv2%2Ftags&post=139931"}],"curies":[{"name":"wp","href":"https:\/\/api.w.org\/{rel}","templated":true}]}}