{"id":139925,"date":"2019-05-10T14:58:06","date_gmt":"2019-05-10T17:58:06","guid":{"rendered":"https:\/\/diarioregionaldigital.com.br\/?p=139925"},"modified":"2019-05-10T14:58:06","modified_gmt":"2019-05-10T17:58:06","slug":"sala-de-operacoes-da-dengue-retira-toneladas-de-lixos-de-duas-casas-em-juiz-de-fora","status":"publish","type":"post","link":"https:\/\/diarioregionaldigital.com.br\/?p=139925","title":{"rendered":"\u201cSala de Opera\u00e7\u00f5es da Dengue\u201d retira toneladas de lixos de duas casas em Juiz de Fora"},"content":{"rendered":"<p>Agentes da\u00a0 \u201cSala de Opera\u00e7\u00f5es da Dengue\u201d, for\u00e7a-tarefa de combate \u00e0 dengue criada pela Prefeitura de Juiz de Fora (PJF), retiraram 15 toneladas de\u00a0entulhos e materiais prop\u00edcios para prolifera\u00e7\u00e3o do Aedes aegypti, mosquito transmissor da dengue e chikungunya, de duas casas no bairro Benfica.<\/p>\n<p>A a\u00e7\u00e3o aconteceu na quarta-feira, 8, envolvendo cerca de 35 servidores PJF, entre funcion\u00e1rios do Departamento Municipal de Limpeza Urbana (Demlurb) e da Secretaria de Sa\u00fade (SS). Conforme a PJF, a primeira casa, que fica localizada na rua Lima Duarte, entrou na lista da \u201cSala de Opera\u00e7\u00f5es\u201d atrav\u00e9s de den\u00fancia do Disque Dengue &#8211; 199. Do local, foram retirados quatro caminh\u00f5es de entulhos, principalmente no terra\u00e7o e no quintal da moradia.<\/p>\n<p>J\u00e1 a segunda resid\u00eancia,\u00a0na Rua Evaristo da Veiga, foi detectado ac\u00famulo de lixo gerador do Aedes e de outras pragas urbanas, como escorpi\u00f5es. Ainda de acordo com a PJF, a casa\u00a0foi considerada foco gerador do mosquito no bairro, pelo grande volume de focos encontrados e eliminados pelos agentes de endemia. Esta \u00e9 a quarta vez que agentes da prefeitura v\u00e3o at\u00e9 o local para realizar a limpeza. O problema nesta resid\u00eancia \u00e9 recorrente.<\/p>\n<p>Neste s\u00e1bado, 11, os agentes de combate a endemias far\u00e3o mutir\u00e3o para atender pedidos de fiscaliza\u00e7\u00e3o solicitados pelo telefone 199 ou pelo aplicado Colab. A a\u00e7\u00e3o tem como objetivo fazer busca ativa e elimina\u00e7\u00e3o dos focos do Aedes. A SS solicita o apoio dos moradores na abertura de suas casas, para que os profissionais, identificados com crach\u00e1s, possam realizar o trabalho de tratamento.<\/p>\n","protected":false},"excerpt":{"rendered":"<p>Agentes da\u00a0 \u201cSala de Opera\u00e7\u00f5es da Dengue\u201d, for\u00e7a-tarefa de combate \u00e0 dengue criada pela Prefeitura de Juiz de Fora (PJF), retiraram 15 toneladas de\u00a0entulhos e materiais prop\u00edcios para prolifera\u00e7\u00e3o do Aedes aegypti, mosquito transmissor da dengue e chikungunya, de duas casas no bairro Benfica. A a\u00e7\u00e3o aconteceu na quarta-feira, 8, envolvendo cerca de 35 servidores [&hellip;]<\/p>\n","protected":false},"author":96,"featured_media":139926,"comment_status":"closed","ping_status":"closed","sticky":false,"template":"","format":"standard","meta":{"footnotes":""},"categories":[253,436,440,439],"tags":[],"class_list":["post-139925","post","type-post","status-publish","format-standard","has-post-thumbnail","hentry","category-cidade","category-destaque-da-semana","category-destaques-do-dia","category-ultima-hora"],"_links":{"self":[{"href":"https:\/\/diarioregionaldigital.com.br\/index.php?rest_route=\/wp\/v2\/posts\/139925","targetHints":{"allow":["GET"]}}],"collection":[{"href":"https:\/\/diarioregionaldigital.com.br\/index.php?rest_route=\/wp\/v2\/posts"}],"about":[{"href":"https:\/\/diarioregionaldigital.com.br\/index.php?rest_route=\/wp\/v2\/types\/post"}],"author":[{"embeddable":true,"href":"https:\/\/diarioregionaldigital.com.br\/index.php?rest_route=\/wp\/v2\/users\/96"}],"replies":[{"embeddable":true,"href":"https:\/\/diarioregionaldigital.com.br\/index.php?rest_route=%2Fwp%2Fv2%2Fcomments&post=139925"}],"version-history":[{"count":0,"href":"https:\/\/diarioregionaldigital.com.br\/index.php?rest_route=\/wp\/v2\/posts\/139925\/revisions"}],"wp:featuredmedia":[{"embeddable":true,"href":"https:\/\/diarioregionaldigital.com.br\/index.php?rest_route=\/wp\/v2\/media\/139926"}],"wp:attachment":[{"href":"https:\/\/diarioregionaldigital.com.br\/index.php?rest_route=%2Fwp%2Fv2%2Fmedia&parent=139925"}],"wp:term":[{"taxonomy":"category","embeddable":true,"href":"https:\/\/diarioregionaldigital.com.br\/index.php?rest_route=%2Fwp%2Fv2%2Fcategories&post=139925"},{"taxonomy":"post_tag","embeddable":true,"href":"https:\/\/diarioregionaldigital.com.br\/index.php?rest_route=%2Fwp%2Fv2%2Ftags&post=139925"}],"curies":[{"name":"wp","href":"https:\/\/api.w.org\/{rel}","templated":true}]}}