{"id":139911,"date":"2019-05-10T14:13:11","date_gmt":"2019-05-10T17:13:11","guid":{"rendered":"https:\/\/diarioregionaldigital.com.br\/?p=139911"},"modified":"2019-05-10T14:13:11","modified_gmt":"2019-05-10T17:13:11","slug":"problemas-de-articulacao-politica-estao-sendo-resolvidos-diz-guedes","status":"publish","type":"post","link":"https:\/\/diarioregionaldigital.com.br\/?p=139911","title":{"rendered":"Problemas de articula\u00e7\u00e3o pol\u00edtica est\u00e3o sendo resolvidos, diz Guedes"},"content":{"rendered":"<p>O ministro da Economia, Paulo Guedes, afirmou nesta sexta-feira, 10, que problemas de articula\u00e7\u00e3o pol\u00edtica do governo com o Congresso existem mas est\u00e3o sendo resolvidos. Em discurso durante o 31\u00ba F\u00f3rum Nacional, que acontece no BNDES, no Rio de Janeiro, ele disse que o apoio \u00e0 agenda econ\u00f4mica do governo est\u00e1 crescendo.<\/p>\n<p>\u201cO Congresso est\u00e1 vindo devagar. Os problemas de articula\u00e7\u00e3o ainda existem.Tem um choque natural. N\u00e3o se faz mais pol\u00edtica como se fazia antigamente\u201d.<\/p>\n<p>O ministro afirmou que o governo est\u00e1 encarando a reforma da Previd\u00eancia como um \u201ctudo ou nada\u201d, que \u00e9 preciso primeiro aprov\u00e1-la para depois passar para outras agendas, como o pacto federativo, a reforma tribut\u00e1ria, as privatiza\u00e7\u00f5es e a atra\u00e7\u00e3o de investimentos estrangeiros.<\/p>\n<p>Guedes acredita que a reforma da Previd\u00eancia ser\u00e1 aprovada de forma relativamente r\u00e1pida porque, segundo o ministro, \u201ctodo mundo sabe que \u00e9 necess\u00e1ria\u201d. \u201cE a\u00ed, vamos liberar uma pauta positiva\u201d.<\/p>\n<p>O governo deve ainda buscar desvincula\u00e7\u00e3o, desindexa\u00e7\u00e3o e desobriga\u00e7\u00e3o de gastos. \u201cEst\u00e1 sobrando dinheiro para educa\u00e7\u00e3o e faltando dinheiro para a sa\u00fade. E eu n\u00e3o posso transferir. Ent\u00e3o, sou obrigado a gastar em educa\u00e7\u00e3o\u201d, disse o ministro.<\/p>\n<p>Sobre a reforma tribut\u00e1ria, Guedes disse que a ideia \u00e9 simplificar impostos. \u201cTem 30 impostos. Vamos simplificar, pegar tr\u00eas, quatro, cinco e transformar num s\u00f3. Baixar as al\u00edquotas\u201d, disse ele, acrescentando que tamb\u00e9m pretende baixar tarifas para importa\u00e7\u00e3o, de forma gradual, para n\u00e3o impactar a ind\u00fastria nacional.<\/p>\n<p>&nbsp;<\/p>\n<p>Fonte: Ag\u00eancia Brasil<\/p>\n","protected":false},"excerpt":{"rendered":"<p>O ministro da Economia, Paulo Guedes, afirmou nesta sexta-feira, 10, que problemas de articula\u00e7\u00e3o pol\u00edtica do governo com o Congresso existem mas est\u00e3o sendo resolvidos. Em discurso durante o 31\u00ba F\u00f3rum Nacional, que acontece no BNDES, no Rio de Janeiro, ele disse que o apoio \u00e0 agenda econ\u00f4mica do governo est\u00e1 crescendo. \u201cO Congresso est\u00e1 [&hellip;]<\/p>\n","protected":false},"author":96,"featured_media":139912,"comment_status":"closed","ping_status":"closed","sticky":false,"template":"","format":"standard","meta":{"footnotes":""},"categories":[436,261,262,439],"tags":[],"class_list":["post-139911","post","type-post","status-publish","format-standard","has-post-thumbnail","hentry","category-destaque-da-semana","category-economia","category-noticias","category-ultima-hora"],"_links":{"self":[{"href":"https:\/\/diarioregionaldigital.com.br\/index.php?rest_route=\/wp\/v2\/posts\/139911","targetHints":{"allow":["GET"]}}],"collection":[{"href":"https:\/\/diarioregionaldigital.com.br\/index.php?rest_route=\/wp\/v2\/posts"}],"about":[{"href":"https:\/\/diarioregionaldigital.com.br\/index.php?rest_route=\/wp\/v2\/types\/post"}],"author":[{"embeddable":true,"href":"https:\/\/diarioregionaldigital.com.br\/index.php?rest_route=\/wp\/v2\/users\/96"}],"replies":[{"embeddable":true,"href":"https:\/\/diarioregionaldigital.com.br\/index.php?rest_route=%2Fwp%2Fv2%2Fcomments&post=139911"}],"version-history":[{"count":0,"href":"https:\/\/diarioregionaldigital.com.br\/index.php?rest_route=\/wp\/v2\/posts\/139911\/revisions"}],"wp:featuredmedia":[{"embeddable":true,"href":"https:\/\/diarioregionaldigital.com.br\/index.php?rest_route=\/wp\/v2\/media\/139912"}],"wp:attachment":[{"href":"https:\/\/diarioregionaldigital.com.br\/index.php?rest_route=%2Fwp%2Fv2%2Fmedia&parent=139911"}],"wp:term":[{"taxonomy":"category","embeddable":true,"href":"https:\/\/diarioregionaldigital.com.br\/index.php?rest_route=%2Fwp%2Fv2%2Fcategories&post=139911"},{"taxonomy":"post_tag","embeddable":true,"href":"https:\/\/diarioregionaldigital.com.br\/index.php?rest_route=%2Fwp%2Fv2%2Ftags&post=139911"}],"curies":[{"name":"wp","href":"https:\/\/api.w.org\/{rel}","templated":true}]}}