{"id":139907,"date":"2019-05-10T14:09:43","date_gmt":"2019-05-10T17:09:43","guid":{"rendered":"https:\/\/diarioregionaldigital.com.br\/?p=139907"},"modified":"2019-05-10T14:09:43","modified_gmt":"2019-05-10T17:09:43","slug":"enem-2019-ja-tem-tres-milhoes-de-inscritos","status":"publish","type":"post","link":"https:\/\/diarioregionaldigital.com.br\/?p=139907","title":{"rendered":"Enem 2019 j\u00e1 tem tr\u00eas milh\u00f5es de inscritos"},"content":{"rendered":"<p>A edi\u00e7\u00e3o de 2019 do Exame Nacional do Ensino M\u00e9dio (Enem) j\u00e1 atingiu a marca de 3 milh\u00f5es de inscritos. O balan\u00e7o foi divulgado pelo Minist\u00e9rio da Educa\u00e7\u00e3o e contabiliza os inscritos at\u00e9 as 22h de ontem. As inscri\u00e7\u00f5es foram abertas no \u00faltimo dia 6 e v\u00e3o at\u00e9 o dia 17 de maio, pela internet. As provas do Enem ser\u00e3o aplicadas em dois domingos, 3 e 10 de novembro.<\/p>\n<p>Do total de inscritos, 63% est\u00e3o isentos do pagamento da taxa de inscri\u00e7\u00e3o. A taxa para o Enem \u00e9 de R$ 85 e deve ser paga at\u00e9 o dia 23 de maio. O participante ter\u00e1 at\u00e9 17 de maio para atualizar dados de contato, escolher outro munic\u00edpio de provas, mudar a op\u00e7\u00e3o de l\u00edngua estrangeira e alterar atendimento especializado e\/ou espec\u00edfico. Ap\u00f3s esse prazo, n\u00e3o ser\u00e3o mais permitidas mudan\u00e7as.<\/p>\n<p>O candidato que precisar de atendimento especializado e espec\u00edfico deve fazer a solicita\u00e7\u00e3o durante a inscri\u00e7\u00e3o. O prazo para pedidos de atendimento por nome social vai de 20 e 24 de maio.<\/p>\n<p>Quem j\u00e1 concluiu o ensino m\u00e9dio ou vai concluir este ano pode usar as notas do Enem, por exemplo, para se inscrever em programas de acesso \u00e0 educa\u00e7\u00e3o superior como o Sistema de Sele\u00e7\u00e3o Unificada (Sisu) e o Programa Universidade para Todos (ProUni) ou de financiamento estudantil.<\/p>\n<p>A prova tamb\u00e9m pode ser feita pelos chamados treineiros \u2013 estudantes que v\u00e3o concluir o ensino m\u00e9dio depois de 2019. Neste caso, os resultados servem somente para autoavalia\u00e7\u00e3o, sem possibilidade de o estudante concorrer efetivamente \u00e0s vagas na educa\u00e7\u00e3o superior ou para bolsas de estudo. Esses participantes devem declarar ter ci\u00eancia disso j\u00e1 no ato da inscri\u00e7\u00e3o.<\/p>\n<p>&nbsp;<\/p>\n<p>Fonte: Ag\u00eancia Brasil<\/p>\n","protected":false},"excerpt":{"rendered":"<p>A edi\u00e7\u00e3o de 2019 do Exame Nacional do Ensino M\u00e9dio (Enem) j\u00e1 atingiu a marca de 3 milh\u00f5es de inscritos. O balan\u00e7o foi divulgado pelo Minist\u00e9rio da Educa\u00e7\u00e3o e contabiliza os inscritos at\u00e9 as 22h de ontem. As inscri\u00e7\u00f5es foram abertas no \u00faltimo dia 6 e v\u00e3o at\u00e9 o dia 17 de maio, pela internet. [&hellip;]<\/p>\n","protected":false},"author":96,"featured_media":139909,"comment_status":"closed","ping_status":"closed","sticky":false,"template":"","format":"standard","meta":{"footnotes":""},"categories":[302,436,440,262,439],"tags":[],"class_list":["post-139907","post","type-post","status-publish","format-standard","has-post-thumbnail","hentry","category-brasil-mundo","category-destaque-da-semana","category-destaques-do-dia","category-noticias","category-ultima-hora"],"_links":{"self":[{"href":"https:\/\/diarioregionaldigital.com.br\/index.php?rest_route=\/wp\/v2\/posts\/139907","targetHints":{"allow":["GET"]}}],"collection":[{"href":"https:\/\/diarioregionaldigital.com.br\/index.php?rest_route=\/wp\/v2\/posts"}],"about":[{"href":"https:\/\/diarioregionaldigital.com.br\/index.php?rest_route=\/wp\/v2\/types\/post"}],"author":[{"embeddable":true,"href":"https:\/\/diarioregionaldigital.com.br\/index.php?rest_route=\/wp\/v2\/users\/96"}],"replies":[{"embeddable":true,"href":"https:\/\/diarioregionaldigital.com.br\/index.php?rest_route=%2Fwp%2Fv2%2Fcomments&post=139907"}],"version-history":[{"count":0,"href":"https:\/\/diarioregionaldigital.com.br\/index.php?rest_route=\/wp\/v2\/posts\/139907\/revisions"}],"wp:featuredmedia":[{"embeddable":true,"href":"https:\/\/diarioregionaldigital.com.br\/index.php?rest_route=\/wp\/v2\/media\/139909"}],"wp:attachment":[{"href":"https:\/\/diarioregionaldigital.com.br\/index.php?rest_route=%2Fwp%2Fv2%2Fmedia&parent=139907"}],"wp:term":[{"taxonomy":"category","embeddable":true,"href":"https:\/\/diarioregionaldigital.com.br\/index.php?rest_route=%2Fwp%2Fv2%2Fcategories&post=139907"},{"taxonomy":"post_tag","embeddable":true,"href":"https:\/\/diarioregionaldigital.com.br\/index.php?rest_route=%2Fwp%2Fv2%2Ftags&post=139907"}],"curies":[{"name":"wp","href":"https:\/\/api.w.org\/{rel}","templated":true}]}}