{"id":139900,"date":"2019-05-10T14:01:53","date_gmt":"2019-05-10T17:01:53","guid":{"rendered":"https:\/\/diarioregionaldigital.com.br\/?p=139900"},"modified":"2019-05-10T14:01:53","modified_gmt":"2019-05-10T17:01:53","slug":"inflacao-oficial-fica-em-057-em-abril-diz-ibge","status":"publish","type":"post","link":"https:\/\/diarioregionaldigital.com.br\/?p=139900","title":{"rendered":"Infla\u00e7\u00e3o oficial fica em 0,57% em abril, diz IBGE"},"content":{"rendered":"<p>A infla\u00e7\u00e3o oficial, medida pelo \u00cdndice Nacional de Pre\u00e7os ao Consumidor Amplo (IPCA), registrou taxa de 0,57% em abril deste ano. Apesar de ter ficado abaixo do 0,75% registrado em mar\u00e7o, o IPCA de abril deste ano \u00e9 maior do que o 0,22% de abril do ano passado e a maior taxa para o m\u00eas desde 2016 (0,61%).<\/p>\n<p>Segundo dados divulgados hoje pelo Instituto Brasileiro de Geografia e Estat\u00edstica (IBGE), o IPCA acumula taxas de 2,09% no ano (a maior para o per\u00edodo desde 2016) e de 4,94% em 12 meses.<\/p>\n<p>A infla\u00e7\u00e3o de 0,57% registrada em abril foi puxada pelos gastos com sa\u00fade e cuidados pessoais (1,51%), transportes (0,94%) e alimenta\u00e7\u00e3o (0,63%).<\/p>\n<p>As maiores altas de pre\u00e7o do segmento de sa\u00fade e cuidados pessoais veio dos rem\u00e9dios (2,25%), perfumes (6,56%) e planos de sa\u00fade (0,8%). Entre os transportes, as principais contribui\u00e7\u00f5es vieram das passagens a\u00e9reas (5,32%) e das tarifas de \u00f4nibus urbanos (0,74%).<\/p>\n<p>Os alimentos foram puxados pelas altas de pre\u00e7os da alimenta\u00e7\u00e3o fora de casa (0,64%) e de produtos como tomate (28,64%), frango inteiro (3,32%), cebola (8,62%) e carnes (0,46%). O feij\u00e3o-carioca, com queda de pre\u00e7o de 9,09%, e as frutas, com queda de 0,71%, evitaram uma infla\u00e7\u00e3o maior.<\/p>\n<p>Entre os outros grupos de despesas, apenas os artigos de resid\u00eancia tiveram defla\u00e7\u00e3o (queda de pre\u00e7os), de 0,24%. Os demais grupos tiveram as seguintes taxas de infla\u00e7\u00e3o: habita\u00e7\u00e3o (0,24%), vestu\u00e1rio (0,18%), despesas pessoais (0,17%), educa\u00e7\u00e3o (0,09%) e comunica\u00e7\u00e3o (0,03%).<\/p>\n<p>&nbsp;<\/p>\n<p>Fonte: Ag\u00eancia Brasil<\/p>\n","protected":false},"excerpt":{"rendered":"<p>A infla\u00e7\u00e3o oficial, medida pelo \u00cdndice Nacional de Pre\u00e7os ao Consumidor Amplo (IPCA), registrou taxa de 0,57% em abril deste ano. Apesar de ter ficado abaixo do 0,75% registrado em mar\u00e7o, o IPCA de abril deste ano \u00e9 maior do que o 0,22% de abril do ano passado e a maior taxa para o m\u00eas [&hellip;]<\/p>\n","protected":false},"author":96,"featured_media":136784,"comment_status":"closed","ping_status":"closed","sticky":false,"template":"","format":"standard","meta":{"footnotes":""},"categories":[436,261,262,439],"tags":[],"class_list":["post-139900","post","type-post","status-publish","format-standard","has-post-thumbnail","hentry","category-destaque-da-semana","category-economia","category-noticias","category-ultima-hora"],"_links":{"self":[{"href":"https:\/\/diarioregionaldigital.com.br\/index.php?rest_route=\/wp\/v2\/posts\/139900","targetHints":{"allow":["GET"]}}],"collection":[{"href":"https:\/\/diarioregionaldigital.com.br\/index.php?rest_route=\/wp\/v2\/posts"}],"about":[{"href":"https:\/\/diarioregionaldigital.com.br\/index.php?rest_route=\/wp\/v2\/types\/post"}],"author":[{"embeddable":true,"href":"https:\/\/diarioregionaldigital.com.br\/index.php?rest_route=\/wp\/v2\/users\/96"}],"replies":[{"embeddable":true,"href":"https:\/\/diarioregionaldigital.com.br\/index.php?rest_route=%2Fwp%2Fv2%2Fcomments&post=139900"}],"version-history":[{"count":0,"href":"https:\/\/diarioregionaldigital.com.br\/index.php?rest_route=\/wp\/v2\/posts\/139900\/revisions"}],"wp:featuredmedia":[{"embeddable":true,"href":"https:\/\/diarioregionaldigital.com.br\/index.php?rest_route=\/wp\/v2\/media\/136784"}],"wp:attachment":[{"href":"https:\/\/diarioregionaldigital.com.br\/index.php?rest_route=%2Fwp%2Fv2%2Fmedia&parent=139900"}],"wp:term":[{"taxonomy":"category","embeddable":true,"href":"https:\/\/diarioregionaldigital.com.br\/index.php?rest_route=%2Fwp%2Fv2%2Fcategories&post=139900"},{"taxonomy":"post_tag","embeddable":true,"href":"https:\/\/diarioregionaldigital.com.br\/index.php?rest_route=%2Fwp%2Fv2%2Ftags&post=139900"}],"curies":[{"name":"wp","href":"https:\/\/api.w.org\/{rel}","templated":true}]}}