{"id":139897,"date":"2019-05-10T13:59:35","date_gmt":"2019-05-10T16:59:35","guid":{"rendered":"https:\/\/diarioregionaldigital.com.br\/?p=139897"},"modified":"2019-05-10T13:59:35","modified_gmt":"2019-05-10T16:59:35","slug":"ibge-inflacao-da-construcao-civil-fica-em-034-em-abril","status":"publish","type":"post","link":"https:\/\/diarioregionaldigital.com.br\/?p=139897","title":{"rendered":"IBGE: infla\u00e7\u00e3o da constru\u00e7\u00e3o civil fica em 0,34% em abril"},"content":{"rendered":"<p>O \u00cdndice Nacional da Constru\u00e7\u00e3o Civil (Sinapi) registrou infla\u00e7\u00e3o de 0,34% em abril deste ano, 0,18 ponto percentual abaixo do m\u00eas anterior (0,52%). Em abril do ano passado, a taxa havia ficado em 0,26%. Segundo o Instituto Brasileiro de Geografia e Estat\u00edstica, o indicador acumula taxa de 4,95% em 12 meses.<\/p>\n<p>Com a alta de pre\u00e7os de abril, o custo nacional da constru\u00e7\u00e3o, por metro quadrado, passou para R$ 1.130,67.<\/p>\n<p>O custo da m\u00e3o de obra cresceu 0,36% no m\u00eas e passou para R$ 540,52 por metro quadrado. J\u00e1 os materiais ficaram 0,33% mais caros e passaram a custar R$ 590,15 por metro quadrado.<\/p>\n<p>&nbsp;<\/p>\n<p>Fonte: Ag\u00eancia Brasil<\/p>\n","protected":false},"excerpt":{"rendered":"<p>O \u00cdndice Nacional da Constru\u00e7\u00e3o Civil (Sinapi) registrou infla\u00e7\u00e3o de 0,34% em abril deste ano, 0,18 ponto percentual abaixo do m\u00eas anterior (0,52%). Em abril do ano passado, a taxa havia ficado em 0,26%. Segundo o Instituto Brasileiro de Geografia e Estat\u00edstica, o indicador acumula taxa de 4,95% em 12 meses. Com a alta de [&hellip;]<\/p>\n","protected":false},"author":96,"featured_media":139894,"comment_status":"closed","ping_status":"closed","sticky":false,"template":"","format":"standard","meta":{"footnotes":""},"categories":[436,261,262,439],"tags":[],"class_list":["post-139897","post","type-post","status-publish","format-standard","has-post-thumbnail","hentry","category-destaque-da-semana","category-economia","category-noticias","category-ultima-hora"],"_links":{"self":[{"href":"https:\/\/diarioregionaldigital.com.br\/index.php?rest_route=\/wp\/v2\/posts\/139897","targetHints":{"allow":["GET"]}}],"collection":[{"href":"https:\/\/diarioregionaldigital.com.br\/index.php?rest_route=\/wp\/v2\/posts"}],"about":[{"href":"https:\/\/diarioregionaldigital.com.br\/index.php?rest_route=\/wp\/v2\/types\/post"}],"author":[{"embeddable":true,"href":"https:\/\/diarioregionaldigital.com.br\/index.php?rest_route=\/wp\/v2\/users\/96"}],"replies":[{"embeddable":true,"href":"https:\/\/diarioregionaldigital.com.br\/index.php?rest_route=%2Fwp%2Fv2%2Fcomments&post=139897"}],"version-history":[{"count":0,"href":"https:\/\/diarioregionaldigital.com.br\/index.php?rest_route=\/wp\/v2\/posts\/139897\/revisions"}],"wp:featuredmedia":[{"embeddable":true,"href":"https:\/\/diarioregionaldigital.com.br\/index.php?rest_route=\/wp\/v2\/media\/139894"}],"wp:attachment":[{"href":"https:\/\/diarioregionaldigital.com.br\/index.php?rest_route=%2Fwp%2Fv2%2Fmedia&parent=139897"}],"wp:term":[{"taxonomy":"category","embeddable":true,"href":"https:\/\/diarioregionaldigital.com.br\/index.php?rest_route=%2Fwp%2Fv2%2Fcategories&post=139897"},{"taxonomy":"post_tag","embeddable":true,"href":"https:\/\/diarioregionaldigital.com.br\/index.php?rest_route=%2Fwp%2Fv2%2Ftags&post=139897"}],"curies":[{"name":"wp","href":"https:\/\/api.w.org\/{rel}","templated":true}]}}