{"id":139892,"date":"2019-05-10T13:56:10","date_gmt":"2019-05-10T16:56:10","guid":{"rendered":"https:\/\/diarioregionaldigital.com.br\/?p=139892"},"modified":"2019-05-10T13:56:10","modified_gmt":"2019-05-10T16:56:10","slug":"inflacao-para-familias-com-renda-mais-baixa-registra-06-em-abril","status":"publish","type":"post","link":"https:\/\/diarioregionaldigital.com.br\/?p=139892","title":{"rendered":"Infla\u00e7\u00e3o para fam\u00edlias com renda mais baixa registra 0,6% em abril"},"content":{"rendered":"<p>O \u00cdndice Nacional de Pre\u00e7os ao Consumidor (INPC), que mede a infla\u00e7\u00e3o para fam\u00edlias com renda at\u00e9 cinco sal\u00e1rios m\u00ednimos, ficou em 0,6% em abril deste ano. A taxa ficou abaixo do 0,77% do INPC de mar\u00e7o, mas acima de 0,21% de abril do ano passado.<\/p>\n<p>Segundo dados divulgados nesta sexta-feira, 10, pelo Instituto Brasileiro de Geografia e Estat\u00edstica (IBGE), o INPC de abril tamb\u00e9m ficou acima do IPCA, que mede a infla\u00e7\u00e3o oficial e que registrou taxa de 0,57% no m\u00eas.<\/p>\n<p>O INPC acumula taxas de 2,29% no ano e de 5,07% em 12 meses, tamb\u00e9m acima das taxas registradas pelo IPCA nos per\u00edodos: 2,09% e 4,94%, respectivamente.<\/p>\n<p>Os produtos aliment\u00edcios tiveram alta de 0,64% em abril, enquanto os n\u00e3o aliment\u00edcios tiveram infla\u00e7\u00e3o de 0,58% no per\u00edodo.<\/p>\n<p>&nbsp;<\/p>\n<p>Fonte: Ag\u00eancia Brasil<\/p>\n","protected":false},"excerpt":{"rendered":"<p>O \u00cdndice Nacional de Pre\u00e7os ao Consumidor (INPC), que mede a infla\u00e7\u00e3o para fam\u00edlias com renda at\u00e9 cinco sal\u00e1rios m\u00ednimos, ficou em 0,6% em abril deste ano. A taxa ficou abaixo do 0,77% do INPC de mar\u00e7o, mas acima de 0,21% de abril do ano passado. Segundo dados divulgados nesta sexta-feira, 10, pelo Instituto Brasileiro [&hellip;]<\/p>\n","protected":false},"author":96,"featured_media":139895,"comment_status":"closed","ping_status":"closed","sticky":false,"template":"","format":"standard","meta":{"footnotes":""},"categories":[436,261,262,439],"tags":[],"class_list":["post-139892","post","type-post","status-publish","format-standard","has-post-thumbnail","hentry","category-destaque-da-semana","category-economia","category-noticias","category-ultima-hora"],"_links":{"self":[{"href":"https:\/\/diarioregionaldigital.com.br\/index.php?rest_route=\/wp\/v2\/posts\/139892","targetHints":{"allow":["GET"]}}],"collection":[{"href":"https:\/\/diarioregionaldigital.com.br\/index.php?rest_route=\/wp\/v2\/posts"}],"about":[{"href":"https:\/\/diarioregionaldigital.com.br\/index.php?rest_route=\/wp\/v2\/types\/post"}],"author":[{"embeddable":true,"href":"https:\/\/diarioregionaldigital.com.br\/index.php?rest_route=\/wp\/v2\/users\/96"}],"replies":[{"embeddable":true,"href":"https:\/\/diarioregionaldigital.com.br\/index.php?rest_route=%2Fwp%2Fv2%2Fcomments&post=139892"}],"version-history":[{"count":0,"href":"https:\/\/diarioregionaldigital.com.br\/index.php?rest_route=\/wp\/v2\/posts\/139892\/revisions"}],"wp:featuredmedia":[{"embeddable":true,"href":"https:\/\/diarioregionaldigital.com.br\/index.php?rest_route=\/wp\/v2\/media\/139895"}],"wp:attachment":[{"href":"https:\/\/diarioregionaldigital.com.br\/index.php?rest_route=%2Fwp%2Fv2%2Fmedia&parent=139892"}],"wp:term":[{"taxonomy":"category","embeddable":true,"href":"https:\/\/diarioregionaldigital.com.br\/index.php?rest_route=%2Fwp%2Fv2%2Fcategories&post=139892"},{"taxonomy":"post_tag","embeddable":true,"href":"https:\/\/diarioregionaldigital.com.br\/index.php?rest_route=%2Fwp%2Fv2%2Ftags&post=139892"}],"curies":[{"name":"wp","href":"https:\/\/api.w.org\/{rel}","templated":true}]}}