{"id":139884,"date":"2019-05-10T13:48:13","date_gmt":"2019-05-10T16:48:13","guid":{"rendered":"https:\/\/diarioregionaldigital.com.br\/?p=139884"},"modified":"2019-05-10T13:48:13","modified_gmt":"2019-05-10T16:48:13","slug":"igp-m-acumula-taxa-de-inflacao-de-779-em-12-meses-diz-fgv","status":"publish","type":"post","link":"https:\/\/diarioregionaldigital.com.br\/?p=139884","title":{"rendered":"IGP-M acumula taxa de infla\u00e7\u00e3o de 7,79% em 12 meses, diz FGV"},"content":{"rendered":"<p>O \u00cdndice Geral de Pre\u00e7os &#8211; Mercado (IGP-M), usado no reajuste dos contratos de aluguel, registrou taxa de infla\u00e7\u00e3o de 0,58% na primeira pr\u00e9via de maio, abaixo do registrado na primeira pr\u00e9via de abril (0,62%). Segundo a Funda\u00e7\u00e3o Getulio Vargas (FGV), o indicador acumula taxas de 3,7% no ano e de 7,79% em 12 meses.<\/p>\n<p>A queda da taxa da pr\u00e9via de abril para a pr\u00e9via de maio foi puxada pelos pre\u00e7os no varejo e na constru\u00e7\u00e3o civil. A infla\u00e7\u00e3o do \u00cdndice de Pre\u00e7os ao Consumidor, que mede o varejo, caiu de 0,65% em abril para 0,35% em maio. J\u00e1 o \u00cdndice Nacional de Custo da Constru\u00e7\u00e3o passou de 0,36% para 0,09%.<\/p>\n<p>Por outro lado, o \u00cdndice de Pre\u00e7os ao Produtor Amplo, que mede o atacado, teve queda na infla\u00e7\u00e3o, ao passar de 0,65% na pr\u00e9via de abril para 0,74% na pr\u00e9via de maio.<\/p>\n<p>&nbsp;<\/p>\n<p>Fonte: Ag\u00eancia Brasil<\/p>\n","protected":false},"excerpt":{"rendered":"<p>O \u00cdndice Geral de Pre\u00e7os &#8211; Mercado (IGP-M), usado no reajuste dos contratos de aluguel, registrou taxa de infla\u00e7\u00e3o de 0,58% na primeira pr\u00e9via de maio, abaixo do registrado na primeira pr\u00e9via de abril (0,62%). Segundo a Funda\u00e7\u00e3o Getulio Vargas (FGV), o indicador acumula taxas de 3,7% no ano e de 7,79% em 12 meses. [&hellip;]<\/p>\n","protected":false},"author":96,"featured_media":139886,"comment_status":"closed","ping_status":"closed","sticky":false,"template":"","format":"standard","meta":{"footnotes":""},"categories":[436,261,262,439],"tags":[],"class_list":["post-139884","post","type-post","status-publish","format-standard","has-post-thumbnail","hentry","category-destaque-da-semana","category-economia","category-noticias","category-ultima-hora"],"_links":{"self":[{"href":"https:\/\/diarioregionaldigital.com.br\/index.php?rest_route=\/wp\/v2\/posts\/139884","targetHints":{"allow":["GET"]}}],"collection":[{"href":"https:\/\/diarioregionaldigital.com.br\/index.php?rest_route=\/wp\/v2\/posts"}],"about":[{"href":"https:\/\/diarioregionaldigital.com.br\/index.php?rest_route=\/wp\/v2\/types\/post"}],"author":[{"embeddable":true,"href":"https:\/\/diarioregionaldigital.com.br\/index.php?rest_route=\/wp\/v2\/users\/96"}],"replies":[{"embeddable":true,"href":"https:\/\/diarioregionaldigital.com.br\/index.php?rest_route=%2Fwp%2Fv2%2Fcomments&post=139884"}],"version-history":[{"count":0,"href":"https:\/\/diarioregionaldigital.com.br\/index.php?rest_route=\/wp\/v2\/posts\/139884\/revisions"}],"wp:featuredmedia":[{"embeddable":true,"href":"https:\/\/diarioregionaldigital.com.br\/index.php?rest_route=\/wp\/v2\/media\/139886"}],"wp:attachment":[{"href":"https:\/\/diarioregionaldigital.com.br\/index.php?rest_route=%2Fwp%2Fv2%2Fmedia&parent=139884"}],"wp:term":[{"taxonomy":"category","embeddable":true,"href":"https:\/\/diarioregionaldigital.com.br\/index.php?rest_route=%2Fwp%2Fv2%2Fcategories&post=139884"},{"taxonomy":"post_tag","embeddable":true,"href":"https:\/\/diarioregionaldigital.com.br\/index.php?rest_route=%2Fwp%2Fv2%2Ftags&post=139884"}],"curies":[{"name":"wp","href":"https:\/\/api.w.org\/{rel}","templated":true}]}}