{"id":139880,"date":"2019-05-10T13:45:26","date_gmt":"2019-05-10T16:45:26","guid":{"rendered":"https:\/\/diarioregionaldigital.com.br\/?p=139880"},"modified":"2019-05-10T13:45:26","modified_gmt":"2019-05-10T16:45:26","slug":"papa-torna-obrigatorio-que-religiosos-denunciem-abusos-sexuais","status":"publish","type":"post","link":"https:\/\/diarioregionaldigital.com.br\/?p=139880","title":{"rendered":"Papa torna obrigat\u00f3rio que religiosos denunciem abusos sexuais"},"content":{"rendered":"<p>O papa Francisco assinou norma, nessa quinta-feira, 9, que torna\u00a0obrigat\u00f3rio aos membros do clero denunciar suspeitas de abusos sexuais, de poder ou de acobertamento de casos ocorridos dentro da Igreja Cat\u00f3lica. O documento\u00a0estabelece, assim,\u00a0um novo procedimento a ser seguido nas dioceses, al\u00e9m de exigir rapidez nas investiga\u00e7\u00f5es preliminares.<\/p>\n<p>O pont\u00edfice\u00a0determinou que todas as dioceses do mundo devem criar, antes de junho de 2020, sistemas acess\u00edveis a quem quiser fazer den\u00fancias, al\u00e9m de garantir prote\u00e7\u00e3o e assist\u00eancia aos denunciantes. As novas regras s\u00e3o ditadas no Motu Proprio (documento de iniciativa do pr\u00f3prio papa) Vos estis lux mundi (V\u00f3s sois a luz do mundo).<\/p>\n<p>&#8220;Para que tais fen\u00f4menos, em todas as suas formas, n\u00e3o aconte\u00e7am mais, \u00e9 necess\u00e1ria uma convers\u00e3o cont\u00ednua e profunda dos cora\u00e7\u00f5es, atestada por a\u00e7\u00f5es concretas e eficazes que envolvam\u00a0todos na Igreja, de modo que a santidade pessoal e o empenho moral possam concorrer para fomentar a plena credibilidade do an\u00fancio evang\u00e9lico e a efic\u00e1cia da miss\u00e3o da Igreja&#8221;, afirmou o papa.<\/p>\n<p>As novas regras fazem parte da promessa feita por ele de erradicar os abusos sexuais dentro da Igreja, ap\u00f3s a in\u00e9dita c\u00fapula no Vaticano com representantes de todas as confer\u00eancias episcopais para tratar da quest\u00e3o. As regras se aplicam a todos os casos em que &#8220;se obrigue algu\u00e9m, com viol\u00eancia ou amea\u00e7a ou por meio do abuso de autoridade, a realizar ou sofrer atos sexuais; realizar atos sexuais com menor ou pessoa vulner\u00e1vel; produzir, exibir, possuir ou distribuir material pornogr\u00e1fico infantil&#8221;, segundo o Artigo 1\u00ba do documento.<\/p>\n<p>O texto inclui medidas voltadas aos casos de viol\u00eancia contra as mulheres do clero, assim como o ass\u00e9dio a seminaristas ou novi\u00e7os e os crimes de acobertamento, al\u00e9m de &#8220;a\u00e7\u00f5es ou omiss\u00f5es voltadas para interferir ou evitar investiga\u00e7\u00f5es civis ou can\u00f4nicas, administrativas ou penais&#8221;.<\/p>\n<p>A maior novidade apresentada no documento \u00e9 que os religiosos t\u00eam a &#8220;obriga\u00e7\u00e3o de informar a um bispo ou superior religioso, o que n\u00e3o interfere nem modifica nenhuma outra obriga\u00e7\u00e3o de informar \u00e0s autoridades civis competentes&#8221;.<\/p>\n<p>No texto, o papa Francisco afirma que, embora\u00a0muito j\u00e1 tenha sido feito, \u00e9 preciso continuar &#8220;a aprender com as li\u00e7\u00f5es amargas do passado, a fim de olhar com esperan\u00e7a para o futuro&#8221;. Para ele, essa responsabilidade recai primeiramente sobre os que est\u00e3o no governo pastoral.<\/p>\n<p>&#8220;Por isso, \u00e9 bom que se adotem, em n\u00edvel universal, procedimentos que tendem a prevenir e contrastar esses crimes que traem a confian\u00e7a dos fi\u00e9is&#8221;, alertou o pont\u00edfice na apresenta\u00e7\u00e3o inicial das novas regras.<\/p>\n<p>&nbsp;<\/p>\n<p>&nbsp;<\/p>\n<p>Fonte: Ag\u00eancia Brasil<\/p>\n","protected":false},"excerpt":{"rendered":"<p>O papa Francisco assinou norma, nessa quinta-feira, 9, que torna\u00a0obrigat\u00f3rio aos membros do clero denunciar suspeitas de abusos sexuais, de poder ou de acobertamento de casos ocorridos dentro da Igreja Cat\u00f3lica. O documento\u00a0estabelece, assim,\u00a0um novo procedimento a ser seguido nas dioceses, al\u00e9m de exigir rapidez nas investiga\u00e7\u00f5es preliminares. O pont\u00edfice\u00a0determinou que todas as dioceses do [&hellip;]<\/p>\n","protected":false},"author":96,"featured_media":139882,"comment_status":"closed","ping_status":"closed","sticky":false,"template":"","format":"standard","meta":{"footnotes":""},"categories":[302,436,262,439],"tags":[],"class_list":["post-139880","post","type-post","status-publish","format-standard","has-post-thumbnail","hentry","category-brasil-mundo","category-destaque-da-semana","category-noticias","category-ultima-hora"],"_links":{"self":[{"href":"https:\/\/diarioregionaldigital.com.br\/index.php?rest_route=\/wp\/v2\/posts\/139880","targetHints":{"allow":["GET"]}}],"collection":[{"href":"https:\/\/diarioregionaldigital.com.br\/index.php?rest_route=\/wp\/v2\/posts"}],"about":[{"href":"https:\/\/diarioregionaldigital.com.br\/index.php?rest_route=\/wp\/v2\/types\/post"}],"author":[{"embeddable":true,"href":"https:\/\/diarioregionaldigital.com.br\/index.php?rest_route=\/wp\/v2\/users\/96"}],"replies":[{"embeddable":true,"href":"https:\/\/diarioregionaldigital.com.br\/index.php?rest_route=%2Fwp%2Fv2%2Fcomments&post=139880"}],"version-history":[{"count":0,"href":"https:\/\/diarioregionaldigital.com.br\/index.php?rest_route=\/wp\/v2\/posts\/139880\/revisions"}],"wp:featuredmedia":[{"embeddable":true,"href":"https:\/\/diarioregionaldigital.com.br\/index.php?rest_route=\/wp\/v2\/media\/139882"}],"wp:attachment":[{"href":"https:\/\/diarioregionaldigital.com.br\/index.php?rest_route=%2Fwp%2Fv2%2Fmedia&parent=139880"}],"wp:term":[{"taxonomy":"category","embeddable":true,"href":"https:\/\/diarioregionaldigital.com.br\/index.php?rest_route=%2Fwp%2Fv2%2Fcategories&post=139880"},{"taxonomy":"post_tag","embeddable":true,"href":"https:\/\/diarioregionaldigital.com.br\/index.php?rest_route=%2Fwp%2Fv2%2Ftags&post=139880"}],"curies":[{"name":"wp","href":"https:\/\/api.w.org\/{rel}","templated":true}]}}