{"id":139876,"date":"2019-05-10T11:42:15","date_gmt":"2019-05-10T14:42:15","guid":{"rendered":"https:\/\/diarioregionaldigital.com.br\/?p=139876"},"modified":"2019-05-10T11:42:15","modified_gmt":"2019-05-10T14:42:15","slug":"selecao-feminina-sera-convocada-para-copa-do-mundo-no-dia-16","status":"publish","type":"post","link":"https:\/\/diarioregionaldigital.com.br\/?p=139876","title":{"rendered":"Sele\u00e7\u00e3o Feminina ser\u00e1 convocada para Copa do Mundo no dia 16"},"content":{"rendered":"<p>A Sele\u00e7\u00e3o Brasileira Feminina ser\u00e1 convocada, no dia 16 de maio (quinta-feira), para a disputa da Copa do Mundo da Fran\u00e7a 2019. O t\u00e9cnico Vad\u00e3o vai anunciar \u00e0s 11h, na sede da CBF, no Rio de Janeiro, a lista das 23 jogadoras que disputar\u00e3o a competi\u00e7\u00e3o. Logo ap\u00f3s, haver\u00e1 coletiva de imprensa.<\/p>\n<p>A Sele\u00e7\u00e3o Brasileira Feminina far\u00e1 a prepara\u00e7\u00e3o para a Copa do Mundo da Fran\u00e7a em Portim\u00e3o, na regi\u00e3o de Algarve, Portugal. A escolha do local foi feita visando \u00e0 aclimata\u00e7\u00e3o da equipe, levando em conta a temperatura no pa\u00eds europeu e o fuso hor\u00e1rio. A comiss\u00e3o t\u00e9cnica e as jogadoras chegar\u00e3o no dia 22 de maio e ficar\u00e3o at\u00e9 o 5 de junho, quando viajar\u00e3o para Grenoble, Fran\u00e7a, cidade da estreia diante da Jamaica, no dia 9.<\/p>\n<p>A Sele\u00e7\u00e3o usar\u00e1 como base o Centro de Treinamento do Portimonense Sporting Clube. A equipe tamb\u00e9m tamb\u00e9m ter\u00e1 \u00e0 disposi\u00e7\u00e3o o campo do Penina Hotel &amp; Golf Resort, onde ficar\u00e1 hospedada.<\/p>\n<p><strong>Programa\u00e7\u00e3o na Fran\u00e7a<\/strong><\/p>\n<p>Durante a Copa do Mundo, a Sele\u00e7\u00e3o Feminina mudar\u00e1 de cidade de acordo com a programa\u00e7\u00e3o de jogos. No dia 9 de junho, o Brasil enfrentar\u00e1 a Jamaica, em Grenoble. No dia 13, a Sele\u00e7\u00e3o ter\u00e1 pela frente a Austr\u00e1lia, em Montpellier. A equipe conclui a participa\u00e7\u00e3o na fase de grupos diante da It\u00e1lia, em Valenciennes, no dia 18.<\/p>\n<p><strong>Fonte: CBF <\/strong><\/p>\n","protected":false},"excerpt":{"rendered":"<p>A Sele\u00e7\u00e3o Brasileira Feminina ser\u00e1 convocada, no dia 16 de maio (quinta-feira), para a disputa da Copa do Mundo da Fran\u00e7a 2019. O t\u00e9cnico Vad\u00e3o vai anunciar \u00e0s 11h, na sede da CBF, no Rio de Janeiro, a lista das 23 jogadoras que disputar\u00e3o a competi\u00e7\u00e3o. Logo ap\u00f3s, haver\u00e1 coletiva de imprensa. A Sele\u00e7\u00e3o Brasileira [&hellip;]<\/p>\n","protected":false},"author":96,"featured_media":139877,"comment_status":"closed","ping_status":"closed","sticky":false,"template":"","format":"standard","meta":{"footnotes":""},"categories":[257,439],"tags":[],"class_list":["post-139876","post","type-post","status-publish","format-standard","has-post-thumbnail","hentry","category-esporte","category-ultima-hora"],"_links":{"self":[{"href":"https:\/\/diarioregionaldigital.com.br\/index.php?rest_route=\/wp\/v2\/posts\/139876","targetHints":{"allow":["GET"]}}],"collection":[{"href":"https:\/\/diarioregionaldigital.com.br\/index.php?rest_route=\/wp\/v2\/posts"}],"about":[{"href":"https:\/\/diarioregionaldigital.com.br\/index.php?rest_route=\/wp\/v2\/types\/post"}],"author":[{"embeddable":true,"href":"https:\/\/diarioregionaldigital.com.br\/index.php?rest_route=\/wp\/v2\/users\/96"}],"replies":[{"embeddable":true,"href":"https:\/\/diarioregionaldigital.com.br\/index.php?rest_route=%2Fwp%2Fv2%2Fcomments&post=139876"}],"version-history":[{"count":0,"href":"https:\/\/diarioregionaldigital.com.br\/index.php?rest_route=\/wp\/v2\/posts\/139876\/revisions"}],"wp:featuredmedia":[{"embeddable":true,"href":"https:\/\/diarioregionaldigital.com.br\/index.php?rest_route=\/wp\/v2\/media\/139877"}],"wp:attachment":[{"href":"https:\/\/diarioregionaldigital.com.br\/index.php?rest_route=%2Fwp%2Fv2%2Fmedia&parent=139876"}],"wp:term":[{"taxonomy":"category","embeddable":true,"href":"https:\/\/diarioregionaldigital.com.br\/index.php?rest_route=%2Fwp%2Fv2%2Fcategories&post=139876"},{"taxonomy":"post_tag","embeddable":true,"href":"https:\/\/diarioregionaldigital.com.br\/index.php?rest_route=%2Fwp%2Fv2%2Ftags&post=139876"}],"curies":[{"name":"wp","href":"https:\/\/api.w.org\/{rel}","templated":true}]}}