{"id":139873,"date":"2019-05-10T11:35:44","date_gmt":"2019-05-10T14:35:44","guid":{"rendered":"https:\/\/diarioregionaldigital.com.br\/?p=139873"},"modified":"2019-05-10T11:35:44","modified_gmt":"2019-05-10T14:35:44","slug":"vanderlei-luxemburgo-e-apresentado-ao-vasco-e-exalta-retorno-ao-futebol","status":"publish","type":"post","link":"https:\/\/diarioregionaldigital.com.br\/?p=139873","title":{"rendered":"Vanderlei Luxemburgo \u00e9 apresentado ao vasco e exalta retorno ao futebol"},"content":{"rendered":"<p>O\u00a0<a href=\"https:\/\/www.gazetaesportiva.com\/times\/vasco\/\">Vasco<\/a>\u00a0apresentou nesta quarta-feira o t\u00e9cnico Vanderlei Luxemburgo. O treinador chega com a incumb\u00eancia de tirar a equipe cruzmaltina da lanterna do\u00a0<a href=\"https:\/\/www.gazetaesportiva.com\/campeonatos\/brasileiro-serie-a\/\">Campeonato Brasileiro<\/a>. Longe dos gramados desde 2017, o comandante sobre sobre seu retorno.<\/p>\n<p>\u201c\u00c9 um prazer voltar ao futebol, voltar a fazer aquilo o que fiz a vida toda. Poder viver esse ambiente, que est\u00e1 no meu DNA. Voltar ao futebol depois de muito tempo parado, olhando muito bem o que o futebol tem acontecido. As pessoas colocaram como um desafio, mas \u00e9 uma possibilidade muito boa para o Vasco e para mim. O Vasco est\u00e1 me oferecendo uma oportunidade de voltar a ser o Luxemburgo que voc\u00eas questionaram por muito tempo\u201d, disse.<\/p>\n<p>Luxemburgo afirmou que procurou se manter atualizado com o futebol neste per\u00edodo distante dos campos.<\/p>\n<p>\u201cNesse tempo parado, voc\u00ea faz uma reciclagem. Voc\u00ea faz uma auto-an\u00e1lise. Eu procurei me adaptar a uma realidade. N\u00e3o brigar contra ela. Eu n\u00e3o vou conseguir isso. O que eu fiz? Fui estudar e ver o que as pessoas est\u00e3o falando do futebol\u201d, declarou.<\/p>\n<p>O treinador lembrou que j\u00e1 trabalhou no Vasco no passado.<\/p>\n<p>\u201cO Vasco n\u00e3o \u00e9 uma novidade para mim. J\u00e1 trabalhei no Vasco com o Antonio Lopes. Sei o que o Vasco tem de fazer, suas necessidades. Minha proposta \u00e9 vir para c\u00e1 para trabalhar muito e recuperar a auto-estima do clube. \u00c9 um trabalho que vai dar certo\u201d, comentou.<\/p>\n<p>Por fim, Luxemburgo ressaltou que busca al\u00e7ar o Vasco ao posto de um dos principais clubes do pa\u00eds.<\/p>\n<p>\u201cEsse elenco joga no Vasco da Gama, que \u00e9 uma grande marca, um grande clube. Quando o jogador joga num grande clube desse, ele tem de saber que precisa dar o m\u00e1ximo. No futebol \u00e9 que o mais fraco pode ganhar do mais forte. Trabalhando no Vasco, voc\u00ea precisa olhar para cima. Nem sempre os melhores elencos s\u00e3o os campe\u00f5es. O Vasco faz esse elenco se tornar campe\u00e3o. A grandeza do Vasco faz com que o jogador cres\u00e7a\u201d, falou.<\/p>\n<p>Mesmo sendo apresentado nesta quarta-feira, Vanderlei Luxemburgo s\u00f3 vai iniciar o trabalho com o elenco na pr\u00f3xima segunda-feira por conta de compromissos particulares. No entanto, o comandante confirmou que vai estar no Pacaembu, onde o Vasco encara o Santos, neste domingo, pelo Campeonato Brasileiro.<\/p>\n<p><strong>Fonte: Gazeta Press<\/strong><\/p>\n<p><strong>\u00a0<\/strong><\/p>\n","protected":false},"excerpt":{"rendered":"<p>O\u00a0Vasco\u00a0apresentou nesta quarta-feira o t\u00e9cnico Vanderlei Luxemburgo. O treinador chega com a incumb\u00eancia de tirar a equipe cruzmaltina da lanterna do\u00a0Campeonato Brasileiro. Longe dos gramados desde 2017, o comandante sobre sobre seu retorno. \u201c\u00c9 um prazer voltar ao futebol, voltar a fazer aquilo o que fiz a vida toda. Poder viver esse ambiente, que est\u00e1 [&hellip;]<\/p>\n","protected":false},"author":96,"featured_media":139874,"comment_status":"closed","ping_status":"closed","sticky":false,"template":"","format":"standard","meta":{"footnotes":""},"categories":[257,439],"tags":[],"class_list":["post-139873","post","type-post","status-publish","format-standard","has-post-thumbnail","hentry","category-esporte","category-ultima-hora"],"_links":{"self":[{"href":"https:\/\/diarioregionaldigital.com.br\/index.php?rest_route=\/wp\/v2\/posts\/139873","targetHints":{"allow":["GET"]}}],"collection":[{"href":"https:\/\/diarioregionaldigital.com.br\/index.php?rest_route=\/wp\/v2\/posts"}],"about":[{"href":"https:\/\/diarioregionaldigital.com.br\/index.php?rest_route=\/wp\/v2\/types\/post"}],"author":[{"embeddable":true,"href":"https:\/\/diarioregionaldigital.com.br\/index.php?rest_route=\/wp\/v2\/users\/96"}],"replies":[{"embeddable":true,"href":"https:\/\/diarioregionaldigital.com.br\/index.php?rest_route=%2Fwp%2Fv2%2Fcomments&post=139873"}],"version-history":[{"count":0,"href":"https:\/\/diarioregionaldigital.com.br\/index.php?rest_route=\/wp\/v2\/posts\/139873\/revisions"}],"wp:featuredmedia":[{"embeddable":true,"href":"https:\/\/diarioregionaldigital.com.br\/index.php?rest_route=\/wp\/v2\/media\/139874"}],"wp:attachment":[{"href":"https:\/\/diarioregionaldigital.com.br\/index.php?rest_route=%2Fwp%2Fv2%2Fmedia&parent=139873"}],"wp:term":[{"taxonomy":"category","embeddable":true,"href":"https:\/\/diarioregionaldigital.com.br\/index.php?rest_route=%2Fwp%2Fv2%2Fcategories&post=139873"},{"taxonomy":"post_tag","embeddable":true,"href":"https:\/\/diarioregionaldigital.com.br\/index.php?rest_route=%2Fwp%2Fv2%2Ftags&post=139873"}],"curies":[{"name":"wp","href":"https:\/\/api.w.org\/{rel}","templated":true}]}}