{"id":139851,"date":"2019-05-10T06:00:50","date_gmt":"2019-05-10T09:00:50","guid":{"rendered":"https:\/\/diarioregionaldigital.com.br\/?p=139851"},"modified":"2019-05-09T20:13:23","modified_gmt":"2019-05-09T23:13:23","slug":"previsao-de-ceu-com-nuvens-para-o-final-de-semana","status":"publish","type":"post","link":"https:\/\/diarioregionaldigital.com.br\/?p=139851","title":{"rendered":"Previs\u00e3o de c\u00e9u com nuvens para o final de semana"},"content":{"rendered":"<p>A sexta-feira, 10, amanhecer\u00e1 com o c\u00e9u nublado a parcialmente nublado com n\u00e9voa \u00famida, segundo o Instituto Nacional de Meteorologia (INMET).O tempo dever\u00e1 permanecer nublado a parcialmente nublado, durante toda tarde e a noite, com temperatura m\u00ednima prevista de 12\u00baC e com a m\u00e1xima de 30\u00baC.<\/p>\n<p>No s\u00e1bado, 11, ser\u00e1 de muitas nuvens com a temperatura m\u00ednima de 16\u00ba e m\u00e1xima de 27\u00baC.<\/p>\n<p>Para domingo, 12, e segunda-feira, 13, a previs\u00e3o do INMET, ser\u00e1 de c\u00e9u com muitas nuvens, com temperaturas de 18\u00baC, chegando \u00e1 29\u00baC.<\/p>\n<p>&nbsp;<\/p>\n","protected":false},"excerpt":{"rendered":"<p>A sexta-feira, 10, amanhecer\u00e1 com o c\u00e9u nublado a parcialmente nublado com n\u00e9voa \u00famida, segundo o Instituto Nacional de Meteorologia (INMET).O tempo dever\u00e1 permanecer nublado a parcialmente nublado, durante toda tarde e a noite, com temperatura m\u00ednima prevista de 12\u00baC e com a m\u00e1xima de 30\u00baC. No s\u00e1bado, 11, ser\u00e1 de muitas nuvens com a [&hellip;]<\/p>\n","protected":false},"author":96,"featured_media":139853,"comment_status":"closed","ping_status":"closed","sticky":false,"template":"","format":"standard","meta":{"footnotes":""},"categories":[253,436,440,439],"tags":[],"class_list":["post-139851","post","type-post","status-publish","format-standard","has-post-thumbnail","hentry","category-cidade","category-destaque-da-semana","category-destaques-do-dia","category-ultima-hora"],"_links":{"self":[{"href":"https:\/\/diarioregionaldigital.com.br\/index.php?rest_route=\/wp\/v2\/posts\/139851","targetHints":{"allow":["GET"]}}],"collection":[{"href":"https:\/\/diarioregionaldigital.com.br\/index.php?rest_route=\/wp\/v2\/posts"}],"about":[{"href":"https:\/\/diarioregionaldigital.com.br\/index.php?rest_route=\/wp\/v2\/types\/post"}],"author":[{"embeddable":true,"href":"https:\/\/diarioregionaldigital.com.br\/index.php?rest_route=\/wp\/v2\/users\/96"}],"replies":[{"embeddable":true,"href":"https:\/\/diarioregionaldigital.com.br\/index.php?rest_route=%2Fwp%2Fv2%2Fcomments&post=139851"}],"version-history":[{"count":0,"href":"https:\/\/diarioregionaldigital.com.br\/index.php?rest_route=\/wp\/v2\/posts\/139851\/revisions"}],"wp:featuredmedia":[{"embeddable":true,"href":"https:\/\/diarioregionaldigital.com.br\/index.php?rest_route=\/wp\/v2\/media\/139853"}],"wp:attachment":[{"href":"https:\/\/diarioregionaldigital.com.br\/index.php?rest_route=%2Fwp%2Fv2%2Fmedia&parent=139851"}],"wp:term":[{"taxonomy":"category","embeddable":true,"href":"https:\/\/diarioregionaldigital.com.br\/index.php?rest_route=%2Fwp%2Fv2%2Fcategories&post=139851"},{"taxonomy":"post_tag","embeddable":true,"href":"https:\/\/diarioregionaldigital.com.br\/index.php?rest_route=%2Fwp%2Fv2%2Ftags&post=139851"}],"curies":[{"name":"wp","href":"https:\/\/api.w.org\/{rel}","templated":true}]}}