{"id":139843,"date":"2019-05-09T20:10:09","date_gmt":"2019-05-09T23:10:09","guid":{"rendered":"https:\/\/diarioregionaldigital.com.br\/?p=139843"},"modified":"2019-05-09T20:10:09","modified_gmt":"2019-05-09T23:10:09","slug":"secretaria-de-saude-promove-acoes-educativas-de-combate-a-dengue-em-oito-instituicoes","status":"publish","type":"post","link":"https:\/\/diarioregionaldigital.com.br\/?p=139843","title":{"rendered":"Secretaria de Sa\u00fade promove a\u00e7\u00f5es educativas de combate \u00e0 dengue em oito institui\u00e7\u00f5es"},"content":{"rendered":"<p>A Secretaria de Sa\u00fade (SS) da Prefeitura de Juiz de Fora (PJF), por meio do setor de Educa\u00e7\u00e3o em Sa\u00fade, segue com o trabalho de conscientiza\u00e7\u00e3o de combate \u00e0 dengue em escolas e institui\u00e7\u00f5es.<\/p>\n<p>Conforme o levantamento da SS, 90% dos focos ainda s\u00e3o encontrados dentro de resid\u00eancias e estabelecimentos comerciais. Ainda conforme as informa\u00e7\u00f5es da pasta, 1160 casos de dengue j\u00e1 s\u00e3o confirmados\u00a0no munic\u00edpio,\u00a0149 casos de Chikungunya\u00a0e\u00a05 \u00f3bitos est\u00e3o em investiga\u00e7\u00e3o.<\/p>\n<p>A\u00e7\u00f5es educativas v\u00e3o ser realizadas da pr\u00f3xima segunda-feira, 13, at\u00e9 sexta-feira, 17, e buscam sensibilizando a popula\u00e7\u00e3o para o combate ao mosquito Aedes aegypti. Ainda conforme a pasta, \u201c\u00e9 fundamental trabalhar a conscientiza\u00e7\u00e3o, aliada \u00e0s a\u00e7\u00f5es de campo. Al\u00e9m disso, as palestras em institui\u00e7\u00f5es de ensino buscam levar o conte\u00fado de forma l\u00fadica tamb\u00e9m para as crian\u00e7as, para que se tornem multiplicadores das informa\u00e7\u00f5es e impactem os pais\u201d.<\/p>\n<p>Empresas, escolas ou institui\u00e7\u00f5es que estiverem interessadas em agendar uma palestra de educa\u00e7\u00e3o em sa\u00fade podem enviar o pedido via e-mail (educasaude@pjf.mg.gov.br) ou pelo telefone 3690-7534.<\/p>\n<p>&nbsp;<\/p>\n<p><strong>JUIZ DE FORA<\/strong><\/p>\n<p>Um homem, de 54 anos, morreu na \u00faltima segunda-feira, 6, em Juiz de Fora. Ele estava na Unidade de Pronto Atendimento (UPA) Norte com suspeita de dengue grave.<\/p>\n<p>A Secretaria de Sa\u00fade (SS) da Prefeitura de Juiz de Fora (PJF) informou, atrav\u00e9s de nota, que recebeu a notifica\u00e7\u00e3o sobre o caso na manh\u00e3 de ter\u00e7a-feira, 7. \u201cO Departamento de Vigil\u00e2ncia Epidemiol\u00f3gica e Ambiental (DVEA) da Secretaria de Sa\u00fade foi notificado na manh\u00e3 desta ter\u00e7a-feira, 7, pela Unidade de Pronto Atendimento (UPA), sobre a morte de um senhor, 54 anos, por suspeita de dengue\u201d, comunicou.<\/p>\n<p>A assessoria ainda disse que o DVEA vai solicitar ao Estado, por meio da Funda\u00e7\u00e3o Ezequiel Dias (Funed), a realiza\u00e7\u00e3o do exame de sorologia para confirmar ou descartar o caso.<\/p>\n<p>Este \u00e9 o segundo caso de morte por dengue em Juiz de Fora no m\u00eas de maio. Na \u00faltima semana, no dia 2, uma idosa de 66 anos morreu com suspeita de dengue. A informa\u00e7\u00e3o foi confirmada pelo Hospital S\u00e3o Vicente de Paulo. O caso est\u00e1 sendo apurado.<\/p>\n<p>&nbsp;<\/p>\n<p><strong>BOLETIM EPIDEMIOL\u00d3GICO<\/strong><\/p>\n<p>Na \u00faltima segunda-feira do m\u00eas de abril, 29, o boletim epidemiol\u00f3gico da Secretaria de Estado de Sa\u00fade de Minas Gerais (SES-MG) divulgado na data em quest\u00e3o, apontou que Juiz de Fora havia atingido a incid\u00eancia m\u00e9dia de casos prov\u00e1veis de dengue. Esse \u00edndice significa que o munic\u00edpio tem entre 100 e 299 registros da doen\u00e7a a cada cem mil habitantes. Ainda conforme a pasta, a situa\u00e7\u00e3o da dengue \u00e9 cr\u00edtica no estado de Minas Gerais.<\/p>\n<p>O novo balan\u00e7o divulgado pela SES-MG na segunda-feira, 7, aponta que at\u00e9 o momento, em 2019, Minas Gerais registrou\u00a0209.276 casos prov\u00e1veis (casos confirmados + suspeitos) de dengue.<\/p>\n<p>Ainda conforme os dados, at\u00e9 agora, foram confirmados\u00a025 \u00f3bitos\u00a0por dengue dos munic\u00edpios de Arcos (1), Betim (9), Contagem (2), Frutal (1), Ibirit\u00e9 (1), Paracatu (1), Uberl\u00e2ndia (8) e Una\u00ed (2). S\u00e3o 82 \u00f3bitos em investiga\u00e7\u00e3o para dengue. A secretaria refor\u00e7a que \u201cos \u00f3bitos em quest\u00e3o foram notificados ao longo de 2019 e n\u00e3o s\u00e3o, necessariamente, \u00f3bitos recentes\u201d.<\/p>\n<p>Com rela\u00e7\u00e3o \u00e0\u00a0Febre Chikungunya, o Estado registrou\u00a01.587 casos prov\u00e1veis\u00a0da doen\u00e7a em 2019. At\u00e9 o momento, n\u00e3o houve registro de \u00f3bitos suspeitos da doen\u00e7a. J\u00e1 em rela\u00e7\u00e3o \u00e0\u00a0Zika, foram registrados\u00a0650 casos prov\u00e1veis\u00a0da doen\u00e7a este ano, at\u00e9 a data de atualiza\u00e7\u00e3o do boletim, 6.<\/p>\n<p>&nbsp;<\/p>\n<p>&nbsp;<\/p>\n","protected":false},"excerpt":{"rendered":"<p>A Secretaria de Sa\u00fade (SS) da Prefeitura de Juiz de Fora (PJF), por meio do setor de Educa\u00e7\u00e3o em Sa\u00fade, segue com o trabalho de conscientiza\u00e7\u00e3o de combate \u00e0 dengue em escolas e institui\u00e7\u00f5es. Conforme o levantamento da SS, 90% dos focos ainda s\u00e3o encontrados dentro de resid\u00eancias e estabelecimentos comerciais. Ainda conforme as informa\u00e7\u00f5es [&hellip;]<\/p>\n","protected":false},"author":96,"featured_media":139846,"comment_status":"closed","ping_status":"closed","sticky":false,"template":"","format":"standard","meta":{"footnotes":""},"categories":[253,436,440,439],"tags":[],"class_list":["post-139843","post","type-post","status-publish","format-standard","has-post-thumbnail","hentry","category-cidade","category-destaque-da-semana","category-destaques-do-dia","category-ultima-hora"],"_links":{"self":[{"href":"https:\/\/diarioregionaldigital.com.br\/index.php?rest_route=\/wp\/v2\/posts\/139843","targetHints":{"allow":["GET"]}}],"collection":[{"href":"https:\/\/diarioregionaldigital.com.br\/index.php?rest_route=\/wp\/v2\/posts"}],"about":[{"href":"https:\/\/diarioregionaldigital.com.br\/index.php?rest_route=\/wp\/v2\/types\/post"}],"author":[{"embeddable":true,"href":"https:\/\/diarioregionaldigital.com.br\/index.php?rest_route=\/wp\/v2\/users\/96"}],"replies":[{"embeddable":true,"href":"https:\/\/diarioregionaldigital.com.br\/index.php?rest_route=%2Fwp%2Fv2%2Fcomments&post=139843"}],"version-history":[{"count":0,"href":"https:\/\/diarioregionaldigital.com.br\/index.php?rest_route=\/wp\/v2\/posts\/139843\/revisions"}],"wp:featuredmedia":[{"embeddable":true,"href":"https:\/\/diarioregionaldigital.com.br\/index.php?rest_route=\/wp\/v2\/media\/139846"}],"wp:attachment":[{"href":"https:\/\/diarioregionaldigital.com.br\/index.php?rest_route=%2Fwp%2Fv2%2Fmedia&parent=139843"}],"wp:term":[{"taxonomy":"category","embeddable":true,"href":"https:\/\/diarioregionaldigital.com.br\/index.php?rest_route=%2Fwp%2Fv2%2Fcategories&post=139843"},{"taxonomy":"post_tag","embeddable":true,"href":"https:\/\/diarioregionaldigital.com.br\/index.php?rest_route=%2Fwp%2Fv2%2Ftags&post=139843"}],"curies":[{"name":"wp","href":"https:\/\/api.w.org\/{rel}","templated":true}]}}